{"id":13707,"date":"2021-06-10T14:02:25","date_gmt":"2021-06-10T19:02:25","guid":{"rendered":"https:\/\/gatodumas.com.co\/bogota\/?p=13707"},"modified":"2021-06-10T14:02:25","modified_gmt":"2021-06-10T19:02:25","slug":"este-ano-recuperamos-35-de-las-matriculas-que-perdimos-por-la-pandemia-en-2020","status":"publish","type":"post","link":"https:\/\/gatodumas.com.co\/barranquilla\/2021\/06\/10\/este-ano-recuperamos-35-de-las-matriculas-que-perdimos-por-la-pandemia-en-2020\/","title":{"rendered":"\u201cEste a\u00f1o recuperamos 35% de las matr\u00edculas que perdimos por la pandemia en 2020\u201d"},"content":{"rendered":"<p>La inversi\u00f3n de <strong>Gato Dumas<\/strong> est\u00e1 enfocada en producir contenido semanal en su canal digital, el cual se dispar\u00f3 en la cuarentena.<\/p>\n<p>El confinamiento por la llegada de la pandemia marc\u00f3 un cambio en la manera de vivir el d\u00eda a d\u00eda. El boom de los tutoriales de recetas y cursos, entre quienes quisieron entrar al mundo de la gastronom\u00eda, se apoder\u00f3 de plataformas digitales.<\/p>\n<p>Es por eso qu\u00e9 <u>Gato Dumas<\/u> fortaleci\u00f3 su plataforma online con m\u00e1s de 80 contenidos pregrabados y en vivo. En entrevista con LR, Carolina Parra, fundadora de este instituto, explic\u00f3 que innovaciones presentar\u00e1n despu\u00e9s de una baja en las matr\u00edculas.<\/p>\n<p><strong>\u00bfC\u00f3mo le fue a Gato Dumas el a\u00f1o pasado con la llegada del covid-19?<\/strong><\/p>\n<p>Fue un a\u00f1o muy dif\u00edcil y complejo. Tuvimos una baja de 35% en matr\u00edculas y una deserci\u00f3n de 40%, fue un a\u00f1o muy duro y desafiante porque nadie sab\u00eda c\u00f3mo manejar esta pandemia y la decisi\u00f3n de muchas personas fue \u201cparalic\u00e9monos y esperemos a 2021\u201d. Y resulta que estamos en 2021 y tenemos que vivir con una pandemia y no poner en pausa nuestras vidas, sino adaptarlas.<\/p>\n<p><strong>El a\u00f1o pasado ustedes actualizaron lo que consideran el Netflix de la gastronom\u00eda, \u00bfen qu\u00e9 consiste y cu\u00e1ntos usuarios han alcanzado?<\/strong><\/p>\n<p>En la plataforma\u00a0<u>gatodumasonline.com.co<\/u>\u00a0publicamos una serie de cursos que ten\u00edamos pregrabados de los diferentes temas que manejamos.<\/p>\n<p>Hay cursos de cocina, pasteler\u00eda, vinos, cocteler\u00eda, caf\u00e9, etc, en general toda nuestra oferta. La idea era que la gente tuviera la opci\u00f3n presencial y la virtual para conectarse desde cualquier lugar.<\/p>\n<p>Lo que tenemos ahora es la posibilidad de que la gente se pueda suscribir. As\u00ed se paga una cuota para tener acceso y all\u00ed encuentran entretenimiento, capacitaci\u00f3n, entrevistas con personajes de la gastronom\u00eda y concursos. Es un canal que cada vez tiene m\u00e1s adeptos, actualmente m\u00e1s de 2.000 usuarios.<\/p>\n<p><strong>\u00bfQu\u00e9 precios manejan para la inscripci\u00f3n en alguno de sus cursos?<\/strong><\/p>\n<p>Se pueden adquirir los productos uno a uno. Los cursos valen $180.000 en promedio o puede adquirir una suscripci\u00f3n por $250.000 el semestre, $400.000 el a\u00f1o y $150.000 el mes.<\/p>\n<p><strong>\u00bfDe cu\u00e1nto fue la inversi\u00f3n este a\u00f1o y para qu\u00e9 proyectos?<\/strong><\/p>\n<p>La promesa con Gato Dumas online es que cada semana tiene que haber contenido nuevo.<\/p>\n<p>La inversi\u00f3n es permanente y constante en la producci\u00f3n de contenidos. Destinamos alrededor de $200 millones para eso, m\u00e1s la publicidad, es decir, unos $350 millones.<\/p>\n<p><strong>\u00bfQu\u00e9 panorama han presentado con el paro nacional?<\/strong><\/p>\n<p>2021 mostr\u00f3 una recuperaci\u00f3n impresionante en matr\u00edculas, tuvimos aire y esperanza.<\/p>\n<p>Pero esta situaci\u00f3n actual que vive el pa\u00eds vuelve a ser amenazante porque a una crisis de salud se suma una crisis social y econ\u00f3mica, compleja de leer. Esperemos que la gente siga viendo que la gastronom\u00eda s\u00ed est\u00e1 marcando un territorio de esperanza.<\/p>\n<p>Ya tuvimos una recuperaci\u00f3n de 35% de nuestras matr\u00edculas en Bogot\u00e1 y 100% en Barranquilla.<\/p>\n<p><strong>Actualmente tienen sedes en Bogot\u00e1 y Barranquilla, \u00bfcontemplan expandirse pr\u00f3ximamente?<\/strong><\/p>\n<p>Con la situaci\u00f3n que vive el pa\u00eds actualmente, frente al orden p\u00fablico, es muy dif\u00edcil pensar en una expansi\u00f3n en otras ciudades o de sedes.<\/p>\n<p>Hasta que uno no vea una luz sobre el camino que va a tomar Colombia, los inversionistas estamos quietos.<\/p>\n<p><strong>\u00bfCu\u00e1l ha sido el impacto de la educaci\u00f3n en la gastronom\u00eda?<\/strong><\/p>\n<p>La ha transformado. Colombia pas\u00f3 de tener una educaci\u00f3n muy b\u00e1sica en gastronom\u00eda a evolucionarla y tener una oferta diversificada.<\/p>\n<p>En el a\u00f1o m\u00e1s complejo, el pa\u00eds estuvo sobresaliendo en su comida. Adem\u00e1s, la gastronom\u00eda se convierte en un tiquete al exterior con una oferta de trabajo segura y muy reconocida.<\/p>\n<p>&nbsp;<\/p>\n<p>https:\/\/www.larepublica.co\/empresas\/este-ano-recuperamos-35-de-las-matriculas-que-perdimos-por-la-pandemia-en-2020-3176348<\/p>\n","protected":false},"excerpt":{"rendered":"<p>La inversi\u00f3n de Gato Dumas est\u00e1 enfocada en producir contenido semanal en su canal digital, el cual se dispar\u00f3 en la cuarentena. El confinamiento por la llegada de la pandemia marc\u00f3 un cambio en la manera de vivir el d\u00eda a d\u00eda. El boom de los tutoriales de recetas y cursos, entre quienes quisieron entrar &#8230; <a title=\"\u201cEste a\u00f1o recuperamos 35% de las matr\u00edculas que perdimos por la pandemia en 2020\u201d\" class=\"read-more\" href=\"https:\/\/gatodumas.com.co\/barranquilla\/2021\/06\/10\/este-ano-recuperamos-35-de-las-matriculas-que-perdimos-por-la-pandemia-en-2020\/\" aria-label=\"Leer m\u00e1s sobre \u201cEste a\u00f1o recuperamos 35% de las matr\u00edculas que perdimos por la pandemia en 2020\u201d\">Leer m\u00e1s<\/a><\/p>\n","protected":false},"author":3,"featured_media":13710,"comment_status":"open","ping_status":"closed","sticky":false,"template":"","format":"standard","meta":{"_acf_changed":false,"footnotes":""},"categories":[31],"tags":[40,52,46,56,81],"class_list":["post-13707","post","type-post","status-publish","format-standard","has-post-thumbnail","hentry","category-noticias","tag-carolina-parra","tag-gastronomia","tag-gato-dumas","tag-semipresencial","tag-sostenibilidad"],"acf":[],"yoast_head":"<!-- This site is optimized with the Yoast SEO plugin v25.9 - https:\/\/yoast.com\/wordpress\/plugins\/seo\/ -->\n<title>\u201cEste a\u00f1o recuperamos 35% de las matr\u00edculas que perdimos por la pandemia en 2020\u201d - Gato Dumas Barranquilla<\/title>\n<meta name=\"robots\" content=\"index, follow, max-snippet:-1, max-image-preview:large, max-video-preview:-1\" \/>\n<link rel=\"canonical\" href=\"https:\/\/gatodumas.com.co\/barranquilla\/2021\/06\/10\/este-ano-recuperamos-35-de-las-matriculas-que-perdimos-por-la-pandemia-en-2020\/\" \/>\n<meta property=\"og:locale\" content=\"es_ES\" \/>\n<meta property=\"og:type\" content=\"article\" \/>\n<meta property=\"og:title\" content=\"\u201cEste a\u00f1o recuperamos 35% de las matr\u00edculas que perdimos por la pandemia en 2020\u201d - Gato Dumas Barranquilla\" \/>\n<meta property=\"og:description\" content=\"La inversi\u00f3n de Gato Dumas est\u00e1 enfocada en producir contenido semanal en su canal digital, el cual se dispar\u00f3 en la cuarentena. El confinamiento por la llegada de la pandemia marc\u00f3 un cambio en la manera de vivir el d\u00eda a d\u00eda. El boom de los tutoriales de recetas y cursos, entre quienes quisieron entrar ... Leer m\u00e1s\" \/>\n<meta property=\"og:url\" content=\"https:\/\/gatodumas.com.co\/barranquilla\/2021\/06\/10\/este-ano-recuperamos-35-de-las-matriculas-que-perdimos-por-la-pandemia-en-2020\/\" \/>\n<meta property=\"og:site_name\" content=\"Gato Dumas Barranquilla\" \/>\n<meta property=\"article:published_time\" content=\"2021-06-10T19:02:25+00:00\" \/>\n<meta name=\"twitter:card\" content=\"summary_large_image\" \/>\n<meta name=\"twitter:label1\" content=\"Escrito por\" \/>\n\t<meta name=\"twitter:data1\" content=\"\" \/>\n\t<meta name=\"twitter:label2\" content=\"Tiempo de lectura\" \/>\n\t<meta name=\"twitter:data2\" content=\"3 minutos\" \/>\n<script type=\"application\/ld+json\" class=\"yoast-schema-graph\">{\"@context\":\"https:\/\/schema.org\",\"@graph\":[{\"@type\":\"Article\",\"@id\":\"https:\/\/gatodumas.com.co\/barranquilla\/2021\/06\/10\/este-ano-recuperamos-35-de-las-matriculas-que-perdimos-por-la-pandemia-en-2020\/#article\",\"isPartOf\":{\"@id\":\"https:\/\/gatodumas.com.co\/barranquilla\/2021\/06\/10\/este-ano-recuperamos-35-de-las-matriculas-que-perdimos-por-la-pandemia-en-2020\/\"},\"author\":{\"name\":\"\",\"@id\":\"\"},\"headline\":\"\u201cEste a\u00f1o recuperamos 35% de las matr\u00edculas que perdimos por la pandemia en 2020\u201d\",\"datePublished\":\"2021-06-10T19:02:25+00:00\",\"mainEntityOfPage\":{\"@id\":\"https:\/\/gatodumas.com.co\/barranquilla\/2021\/06\/10\/este-ano-recuperamos-35-de-las-matriculas-que-perdimos-por-la-pandemia-en-2020\/\"},\"wordCount\":667,\"commentCount\":0,\"publisher\":{\"@id\":\"https:\/\/gatodumas.com.co\/barranquilla\/#organization\"},\"image\":{\"@id\":\"https:\/\/gatodumas.com.co\/barranquilla\/2021\/06\/10\/este-ano-recuperamos-35-de-las-matriculas-que-perdimos-por-la-pandemia-en-2020\/#primaryimage\"},\"thumbnailUrl\":\"\",\"keywords\":[\"CAROLINA PARRA\",\"GASTRONOM\u00cdA\",\"GATO DUMAS\",\"SEMIPRESENCIAL\",\"sostenibilidad\"],\"articleSection\":[\"Noticias\"],\"inLanguage\":\"es\"},{\"@type\":\"WebPage\",\"@id\":\"https:\/\/gatodumas.com.co\/barranquilla\/2021\/06\/10\/este-ano-recuperamos-35-de-las-matriculas-que-perdimos-por-la-pandemia-en-2020\/\",\"url\":\"https:\/\/gatodumas.com.co\/barranquilla\/2021\/06\/10\/este-ano-recuperamos-35-de-las-matriculas-que-perdimos-por-la-pandemia-en-2020\/\",\"name\":\"\u201cEste a\u00f1o recuperamos 35% de las matr\u00edculas que perdimos por la pandemia en 2020\u201d - Gato Dumas Barranquilla\",\"isPartOf\":{\"@id\":\"https:\/\/gatodumas.com.co\/barranquilla\/#website\"},\"primaryImageOfPage\":{\"@id\":\"https:\/\/gatodumas.com.co\/barranquilla\/2021\/06\/10\/este-ano-recuperamos-35-de-las-matriculas-que-perdimos-por-la-pandemia-en-2020\/#primaryimage\"},\"image\":{\"@id\":\"https:\/\/gatodumas.com.co\/barranquilla\/2021\/06\/10\/este-ano-recuperamos-35-de-las-matriculas-que-perdimos-por-la-pandemia-en-2020\/#primaryimage\"},\"thumbnailUrl\":\"\",\"datePublished\":\"2021-06-10T19:02:25+00:00\",\"breadcrumb\":{\"@id\":\"https:\/\/gatodumas.com.co\/barranquilla\/2021\/06\/10\/este-ano-recuperamos-35-de-las-matriculas-que-perdimos-por-la-pandemia-en-2020\/#breadcrumb\"},\"inLanguage\":\"es\",\"potentialAction\":[{\"@type\":\"ReadAction\",\"target\":[\"https:\/\/gatodumas.com.co\/barranquilla\/2021\/06\/10\/este-ano-recuperamos-35-de-las-matriculas-que-perdimos-por-la-pandemia-en-2020\/\"]}]},{\"@type\":\"ImageObject\",\"inLanguage\":\"es\",\"@id\":\"https:\/\/gatodumas.com.co\/barranquilla\/2021\/06\/10\/este-ano-recuperamos-35-de-las-matriculas-que-perdimos-por-la-pandemia-en-2020\/#primaryimage\",\"url\":\"\",\"contentUrl\":\"\"},{\"@type\":\"BreadcrumbList\",\"@id\":\"https:\/\/gatodumas.com.co\/barranquilla\/2021\/06\/10\/este-ano-recuperamos-35-de-las-matriculas-que-perdimos-por-la-pandemia-en-2020\/#breadcrumb\",\"itemListElement\":[{\"@type\":\"ListItem\",\"position\":1,\"name\":\"Portada\",\"item\":\"https:\/\/gatodumas.com.co\/barranquilla\/\"},{\"@type\":\"ListItem\",\"position\":2,\"name\":\"\u201cEste a\u00f1o recuperamos 35% de las matr\u00edculas que perdimos por la pandemia en 2020\u201d\"}]},{\"@type\":\"WebSite\",\"@id\":\"https:\/\/gatodumas.com.co\/barranquilla\/#website\",\"url\":\"https:\/\/gatodumas.com.co\/barranquilla\/\",\"name\":\"Gato Dumas Barranquilla\",\"description\":\"\",\"publisher\":{\"@id\":\"https:\/\/gatodumas.com.co\/barranquilla\/#organization\"},\"potentialAction\":[{\"@type\":\"SearchAction\",\"target\":{\"@type\":\"EntryPoint\",\"urlTemplate\":\"https:\/\/gatodumas.com.co\/barranquilla\/?s={search_term_string}\"},\"query-input\":{\"@type\":\"PropertyValueSpecification\",\"valueRequired\":true,\"valueName\":\"search_term_string\"}}],\"inLanguage\":\"es\"},{\"@type\":\"Organization\",\"@id\":\"https:\/\/gatodumas.com.co\/barranquilla\/#organization\",\"name\":\"Gato Dumas Barranquilla\",\"url\":\"https:\/\/gatodumas.com.co\/barranquilla\/\",\"logo\":{\"@type\":\"ImageObject\",\"inLanguage\":\"es\",\"@id\":\"https:\/\/gatodumas.com.co\/barranquilla\/#\/schema\/logo\/image\/\",\"url\":\"https:\/\/gatodumas.com.co\/barranquilla\/wp-content\/uploads\/sites\/3\/2024\/03\/cropped-dumas-negro-01-1-1.png\",\"contentUrl\":\"https:\/\/gatodumas.com.co\/barranquilla\/wp-content\/uploads\/sites\/3\/2024\/03\/cropped-dumas-negro-01-1-1.png\",\"width\":2496,\"height\":854,\"caption\":\"Gato Dumas Barranquilla\"},\"image\":{\"@id\":\"https:\/\/gatodumas.com.co\/barranquilla\/#\/schema\/logo\/image\/\"}},{\"@type\":\"Person\",\"@id\":\"\",\"url\":\"https:\/\/gatodumas.com.co\/barranquilla\/author\/\"}]}<\/script>\n<!-- \/ Yoast SEO plugin. -->","yoast_head_json":{"title":"\u201cEste a\u00f1o recuperamos 35% de las matr\u00edculas que perdimos por la pandemia en 2020\u201d - Gato Dumas Barranquilla","robots":{"index":"index","follow":"follow","max-snippet":"max-snippet:-1","max-image-preview":"max-image-preview:large","max-video-preview":"max-video-preview:-1"},"canonical":"https:\/\/gatodumas.com.co\/barranquilla\/2021\/06\/10\/este-ano-recuperamos-35-de-las-matriculas-que-perdimos-por-la-pandemia-en-2020\/","og_locale":"es_ES","og_type":"article","og_title":"\u201cEste a\u00f1o recuperamos 35% de las matr\u00edculas que perdimos por la pandemia en 2020\u201d - Gato Dumas Barranquilla","og_description":"La inversi\u00f3n de Gato Dumas est\u00e1 enfocada en producir contenido semanal en su canal digital, el cual se dispar\u00f3 en la cuarentena. El confinamiento por la llegada de la pandemia marc\u00f3 un cambio en la manera de vivir el d\u00eda a d\u00eda. El boom de los tutoriales de recetas y cursos, entre quienes quisieron entrar ... Leer m\u00e1s","og_url":"https:\/\/gatodumas.com.co\/barranquilla\/2021\/06\/10\/este-ano-recuperamos-35-de-las-matriculas-que-perdimos-por-la-pandemia-en-2020\/","og_site_name":"Gato Dumas Barranquilla","article_published_time":"2021-06-10T19:02:25+00:00","twitter_card":"summary_large_image","twitter_misc":{"Escrito por":"","Tiempo de lectura":"3 minutos"},"schema":{"@context":"https:\/\/schema.org","@graph":[{"@type":"Article","@id":"https:\/\/gatodumas.com.co\/barranquilla\/2021\/06\/10\/este-ano-recuperamos-35-de-las-matriculas-que-perdimos-por-la-pandemia-en-2020\/#article","isPartOf":{"@id":"https:\/\/gatodumas.com.co\/barranquilla\/2021\/06\/10\/este-ano-recuperamos-35-de-las-matriculas-que-perdimos-por-la-pandemia-en-2020\/"},"author":{"name":"","@id":""},"headline":"\u201cEste a\u00f1o recuperamos 35% de las matr\u00edculas que perdimos por la pandemia en 2020\u201d","datePublished":"2021-06-10T19:02:25+00:00","mainEntityOfPage":{"@id":"https:\/\/gatodumas.com.co\/barranquilla\/2021\/06\/10\/este-ano-recuperamos-35-de-las-matriculas-que-perdimos-por-la-pandemia-en-2020\/"},"wordCount":667,"commentCount":0,"publisher":{"@id":"https:\/\/gatodumas.com.co\/barranquilla\/#organization"},"image":{"@id":"https:\/\/gatodumas.com.co\/barranquilla\/2021\/06\/10\/este-ano-recuperamos-35-de-las-matriculas-que-perdimos-por-la-pandemia-en-2020\/#primaryimage"},"thumbnailUrl":"","keywords":["CAROLINA PARRA","GASTRONOM\u00cdA","GATO DUMAS","SEMIPRESENCIAL","sostenibilidad"],"articleSection":["Noticias"],"inLanguage":"es"},{"@type":"WebPage","@id":"https:\/\/gatodumas.com.co\/barranquilla\/2021\/06\/10\/este-ano-recuperamos-35-de-las-matriculas-que-perdimos-por-la-pandemia-en-2020\/","url":"https:\/\/gatodumas.com.co\/barranquilla\/2021\/06\/10\/este-ano-recuperamos-35-de-las-matriculas-que-perdimos-por-la-pandemia-en-2020\/","name":"\u201cEste a\u00f1o recuperamos 35% de las matr\u00edculas que perdimos por la pandemia en 2020\u201d - Gato Dumas Barranquilla","isPartOf":{"@id":"https:\/\/gatodumas.com.co\/barranquilla\/#website"},"primaryImageOfPage":{"@id":"https:\/\/gatodumas.com.co\/barranquilla\/2021\/06\/10\/este-ano-recuperamos-35-de-las-matriculas-que-perdimos-por-la-pandemia-en-2020\/#primaryimage"},"image":{"@id":"https:\/\/gatodumas.com.co\/barranquilla\/2021\/06\/10\/este-ano-recuperamos-35-de-las-matriculas-que-perdimos-por-la-pandemia-en-2020\/#primaryimage"},"thumbnailUrl":"","datePublished":"2021-06-10T19:02:25+00:00","breadcrumb":{"@id":"https:\/\/gatodumas.com.co\/barranquilla\/2021\/06\/10\/este-ano-recuperamos-35-de-las-matriculas-que-perdimos-por-la-pandemia-en-2020\/#breadcrumb"},"inLanguage":"es","potentialAction":[{"@type":"ReadAction","target":["https:\/\/gatodumas.com.co\/barranquilla\/2021\/06\/10\/este-ano-recuperamos-35-de-las-matriculas-que-perdimos-por-la-pandemia-en-2020\/"]}]},{"@type":"ImageObject","inLanguage":"es","@id":"https:\/\/gatodumas.com.co\/barranquilla\/2021\/06\/10\/este-ano-recuperamos-35-de-las-matriculas-que-perdimos-por-la-pandemia-en-2020\/#primaryimage","url":"","contentUrl":""},{"@type":"BreadcrumbList","@id":"https:\/\/gatodumas.com.co\/barranquilla\/2021\/06\/10\/este-ano-recuperamos-35-de-las-matriculas-que-perdimos-por-la-pandemia-en-2020\/#breadcrumb","itemListElement":[{"@type":"ListItem","position":1,"name":"Portada","item":"https:\/\/gatodumas.com.co\/barranquilla\/"},{"@type":"ListItem","position":2,"name":"\u201cEste a\u00f1o recuperamos 35% de las matr\u00edculas que perdimos por la pandemia en 2020\u201d"}]},{"@type":"WebSite","@id":"https:\/\/gatodumas.com.co\/barranquilla\/#website","url":"https:\/\/gatodumas.com.co\/barranquilla\/","name":"Gato Dumas Barranquilla","description":"","publisher":{"@id":"https:\/\/gatodumas.com.co\/barranquilla\/#organization"},"potentialAction":[{"@type":"SearchAction","target":{"@type":"EntryPoint","urlTemplate":"https:\/\/gatodumas.com.co\/barranquilla\/?s={search_term_string}"},"query-input":{"@type":"PropertyValueSpecification","valueRequired":true,"valueName":"search_term_string"}}],"inLanguage":"es"},{"@type":"Organization","@id":"https:\/\/gatodumas.com.co\/barranquilla\/#organization","name":"Gato Dumas Barranquilla","url":"https:\/\/gatodumas.com.co\/barranquilla\/","logo":{"@type":"ImageObject","inLanguage":"es","@id":"https:\/\/gatodumas.com.co\/barranquilla\/#\/schema\/logo\/image\/","url":"https:\/\/gatodumas.com.co\/barranquilla\/wp-content\/uploads\/sites\/3\/2024\/03\/cropped-dumas-negro-01-1-1.png","contentUrl":"https:\/\/gatodumas.com.co\/barranquilla\/wp-content\/uploads\/sites\/3\/2024\/03\/cropped-dumas-negro-01-1-1.png","width":2496,"height":854,"caption":"Gato Dumas Barranquilla"},"image":{"@id":"https:\/\/gatodumas.com.co\/barranquilla\/#\/schema\/logo\/image\/"}},{"@type":"Person","@id":"","url":"https:\/\/gatodumas.com.co\/barranquilla\/author\/"}]}},"_links":{"self":[{"href":"https:\/\/gatodumas.com.co\/barranquilla\/wp-json\/wp\/v2\/posts\/13707","targetHints":{"allow":["GET"]}}],"collection":[{"href":"https:\/\/gatodumas.com.co\/barranquilla\/wp-json\/wp\/v2\/posts"}],"about":[{"href":"https:\/\/gatodumas.com.co\/barranquilla\/wp-json\/wp\/v2\/types\/post"}],"author":[{"embeddable":true,"href":"https:\/\/gatodumas.com.co\/barranquilla\/wp-json\/wp\/v2\/users\/3"}],"replies":[{"embeddable":true,"href":"https:\/\/gatodumas.com.co\/barranquilla\/wp-json\/wp\/v2\/comments?post=13707"}],"version-history":[{"count":0,"href":"https:\/\/gatodumas.com.co\/barranquilla\/wp-json\/wp\/v2\/posts\/13707\/revisions"}],"wp:featuredmedia":[{"embeddable":true,"href":"https:\/\/gatodumas.com.co\/barranquilla\/wp-json\/"}],"wp:attachment":[{"href":"https:\/\/gatodumas.com.co\/barranquilla\/wp-json\/wp\/v2\/media?parent=13707"}],"wp:term":[{"taxonomy":"category","embeddable":true,"href":"https:\/\/gatodumas.com.co\/barranquilla\/wp-json\/wp\/v2\/categories?post=13707"},{"taxonomy":"post_tag","embeddable":true,"href":"https:\/\/gatodumas.com.co\/barranquilla\/wp-json\/wp\/v2\/tags?post=13707"}],"curies":[{"name":"wp","href":"https:\/\/api.w.org\/{rel}","templated":true}]}}