{"id":14207,"date":"2022-03-22T11:13:34","date_gmt":"2022-03-22T16:13:34","guid":{"rendered":"https:\/\/gatodumas.com.co\/bogota\/?p=14207"},"modified":"2024-04-02T20:04:19","modified_gmt":"2024-04-02T18:04:19","slug":"la-mujer-que-lleno-de-talento-a-la-gastronomia-en-colombia","status":"publish","type":"post","link":"https:\/\/gatodumas.com.co\/barranquilla\/2022\/03\/22\/la-mujer-que-lleno-de-talento-a-la-gastronomia-en-colombia\/","title":{"rendered":"LA MUJER QUE LLEN\u00d3 DE TALENTO A LA GASTRONOM\u00cdA EN COLOMBIA"},"content":{"rendered":"<p><strong>Conozca la historia Carolina Parra, la persona que trajo al pa\u00eds la escuela Gato Dumas, un centro de aprendizaje de la cocina mundial.<\/strong><\/p>\n<p>En el mundo, la profesi\u00f3n de la gastronom\u00eda fue popularmente ejercida por hombres. De hecho, la mayor\u00eda de los chefs o empresarios reconocidos del sector lo son. Pero a comienzos de los a\u00f1os 2000 una mujer decidi\u00f3 cambiar ese panorama y le apost\u00f3 a formalizar la educaci\u00f3n del sector gastron\u00f3mico en Colombia, su visi\u00f3n la llev\u00f3 a traer una de las m\u00e1s reconocidas escuelas de cocina: <b>El Gato Dumas, instituci\u00f3n originaria de Argentina y hoy l\u00edder la educaci\u00f3n gastron\u00f3mica en Colombia.<\/b><\/p>\n<p id=\"p562939-m234-4-235\" class=\"parrafo \">Esta bogotana que pas\u00f3 sus primeros a\u00f1os en Barranquilla, hered\u00f3 desde muy peque\u00f1a el esp\u00edritu emprendedor de su padre y descubri\u00f3 a muy temprana edad su vocaci\u00f3n por la educaci\u00f3n.<i>\u00a0\u201cDe peque\u00f1a alguna vez me regalaron un tablero y me enamor\u00e9 de tal manera que entend\u00ed que lo que verdaderamente me apasionaba era ense\u00f1ar\u201d<\/i>, recuerda Carolina Parra.<\/p>\n<p id=\"p562939-m240-5-241\" class=\"parrafo \">Sin embargo, cuando tuvo la oportunidad de elegir una carrera tom\u00f3 la decisi\u00f3n de estudiar ingenier\u00eda industrial en la Pontificia Universidad Javeriana. Luego, realiz\u00f3 su especializaci\u00f3n en mercadeo y esto le permiti\u00f3 abrirse a un camino corporativo en donde lleg\u00f3 a trabajar en grandes empresas como El Tiempo, BCH y Allianz.<\/p>\n<p id=\"p562939-m246-6-247\" class=\"parrafo \">En medio de una carrera exitosa surgi\u00f3 la dualidad de escoger entre el mundo corporativo o tomar el riesgo de seguir su vocaci\u00f3n. Al final, como ella misma afirma,\u00a0<i>\u201cuna vocaci\u00f3n es irrenunciable\u201d<\/i>\u00a0y encontr\u00f3 en la gastronom\u00eda la oportunidad de ejercer la educaci\u00f3n.<\/p>\n<p id=\"p562939-m252-7-253\" class=\"parrafo \">Carolina afirma que,\u00a0<i>\u201csin que uno se d\u00e9 cuenta, la vida lo va moldeando para aquello que est\u00e1 llamado a ser\u201d<\/i>. Fue as\u00ed como en el 2003, su amiga y hoy d\u00eda socia, Olga Reyes, le propone hacer un restaurante, ella acepta y en medio de esa b\u00fasqueda de la maquinaria y dotaci\u00f3n para el mismo, se encuentra con una clase de cocina en el Sena, algo que la fascin\u00f3 a tal punto que cambi\u00f3 todos sus planes para abrir su primera escuela de gastronom\u00eda:\u00a0<b>Arte Gourmet.<\/b><\/p>\n<p id=\"p562939-m264-9-265\" class=\"parrafo \">Pese a los buenos resultados que en esos momentos ten\u00eda su escuela de gastronom\u00eda, siempre la alent\u00f3 la intenci\u00f3n de hacer una educaci\u00f3n de alta calidad, disruptiva con personajes reconocidos, raz\u00f3n por la cual, decidi\u00f3 traer una de las marcas m\u00e1s importantes en educaci\u00f3n gastron\u00f3mica en Latinoam\u00e9rica:\u00a0<b>el Gato Dumas.<\/b><\/p>\n<p id=\"p562939-m270-10-271\" class=\"parrafo \">Fue as\u00ed como tuvo la oportunidad de conocer al reconocido chef argentino Carlos Alberto Dumas, popularmente conocido como \u201cel Gato\u201d Dumas, con el que tuvieron un largo encuentro que concluy\u00f3 con un contundente:\u00a0<i>\u201cChicas, el Gato Dumas va para Colombia\u201d.<\/i><\/p>\n<p id=\"p562939-m276-11-277\" class=\"parrafo \">Lastimosamente, aquella ser\u00eda la \u00faltima vez que ver\u00eda al gran chef argentino, quien fue considerado uno de los grandes maestros de la cocina a nivel mundial, y que morir\u00eda al a\u00f1o siguiente de esa conversaci\u00f3n.<\/p>\n<p id=\"p562939-m282-12-283\" class=\"parrafo \">La determinaci\u00f3n de Carolina logr\u00f3 finalmente traer la reconocida escuela de gastronom\u00eda Gato Dumas a Colombia, que se inaugur\u00f3 el 26 de mayo del 2005 en una peque\u00f1a casa ubicada en el barrio La Castellana.\u00a0<b>Evento al que concurrieron todos los referentes de la gastronom\u00eda colombiana.<\/b><\/p>\n<p id=\"p562939-m288-13-289\" class=\"parrafo \">Desde entonces el Gato Dumas Colombia se ha caracterizado por ser una instituci\u00f3n l\u00edder en procesos de formaci\u00f3n de excelencia, en innovaci\u00f3n, sostenibilidad, proyectos de investigaci\u00f3n destacados a nivel mundial y principalmente por otorgarle a la gastronom\u00eda el talento humano que est\u00e1 a la vanguardia en el sector.<\/p>\n<p id=\"p562939-m294-14-295\" class=\"parrafo \"><b>La instituci\u00f3n es cuna de profesionales de talla mundial que han logrado los m\u00e1s destacados reconocimientos en el mundo de la gastronom\u00eda,<\/b>\u00a0por ejemplo, Juan Camilo Quintero, chef del restaurante italiano Poggio Rosso, ganador de una estrella Michelin; Paula Senior, chef panadera galardonada por desarrollar el mejor pan de Madrid, Espa\u00f1a; Camila Olarte, sous chef del afamado Surf Club de Thomas Keller y muchos de quienes lideran hoy el panorama nacional como Manuel Mendoza, chef propietario del restaurante Manuel en Barranquilla y Walter Arango director de operaciones de la cadena de hoteles Marriot, entre otros.<\/p>\n<p id=\"p562939-m306-16-307\" class=\"parrafo \">Reconocida como \u201c<i>la mejor escuela gastron\u00f3mica\u201d\u00a0<\/i>por m\u00e1s de tres a\u00f1os seg\u00fan el Concurso Tabla Redonda Alpina, y el a\u00f1o pasado, se llev\u00f3 para Colombia el premio Social Commitment por su proyecto \u2018Coca no Coca\u00edna\u2019 en el Bocuse D\u2019or, el m\u00e1s prestigioso concurso de gastronom\u00eda del mundo.<\/p>\n<p id=\"p562939-m312-17-313\" class=\"parrafo \">Para Carolina,<i>\u00a0\u201ctodos los premios son significativos, pero sin duda el mayor reconocimiento es la gratitud y el cari\u00f1o de los egresados cuando vuelven a casa cargados de \u00e9xito con la misma humildad con la que llegaron la primera vez\u201d.<\/i><\/p>\n<p id=\"p562939-m318-18-319\" class=\"parrafo \">Hoy en d\u00eda ser Gato Dumas es un s\u00edmbolo de orgullo y prestigio gracias a la labor que por m\u00e1s de 17 a\u00f1os ha liderado esta mujer a la formaci\u00f3n de chefs posicionando a Colombia como un destino gastron\u00f3mico y exportador de talento humano.<\/p>\n<p id=\"p562939-m324-19-325\" class=\"parrafo \">Por otro lado, asegur\u00f3 que la fuerza de las mujeres est\u00e1 en la energ\u00eda femenina,\u00a0<i>\u201caquella que se caracteriza por la armon\u00eda, calidez, est\u00e9tica y la capacidad de cuidarse y cuidar a otros. Y si bien es cierto a\u00fan tenemos cuentas pendientes para alcanzar la anhelada equidad, tambi\u00e9n lo es que como dijo Victor Hugo no hay nada m\u00e1s poderoso que una idea a la que le ha llegado su tiempo y a nosotras nos ha llegado ese tiempo\u201d.<\/i><\/p>\n<p id=\"p562939-m330-20-331\" class=\"parrafo \">Carolina Parra es la mujer que hizo un maridaje perfecto entre la gastronom\u00eda y la educaci\u00f3n, entendiendo que est\u00e1 uni\u00f3n es poderosa, vinculante, capaz de transformar comunidades, culturas y econom\u00edas.<\/p>\n<p>&nbsp;<\/p>\n<p>&nbsp;<\/p>\n<p>&nbsp;<\/p>\n","protected":false},"excerpt":{"rendered":"<p>Conozca la historia Carolina Parra, la persona que trajo al pa\u00eds la escuela Gato Dumas, un centro de aprendizaje de la cocina mundial. En el mundo, la profesi\u00f3n de la gastronom\u00eda fue popularmente ejercida por hombres. De hecho, la mayor\u00eda de los chefs o empresarios reconocidos del sector lo son. Pero a comienzos de los &#8230; <a title=\"LA MUJER QUE LLEN\u00d3 DE TALENTO A LA GASTRONOM\u00cdA EN COLOMBIA\" class=\"read-more\" href=\"https:\/\/gatodumas.com.co\/barranquilla\/2022\/03\/22\/la-mujer-que-lleno-de-talento-a-la-gastronomia-en-colombia\/\" aria-label=\"Leer m\u00e1s sobre LA MUJER QUE LLEN\u00d3 DE TALENTO A LA GASTRONOM\u00cdA EN COLOMBIA\">Leer m\u00e1s<\/a><\/p>\n","protected":false},"author":3,"featured_media":16216,"comment_status":"closed","ping_status":"closed","sticky":false,"template":"","format":"standard","meta":{"_acf_changed":false,"footnotes":""},"categories":[31],"tags":[40,54,52,46,95,56],"class_list":["post-14207","post","type-post","status-publish","format-standard","has-post-thumbnail","hentry","category-noticias","tag-carolina-parra","tag-colombia","tag-gastronomia","tag-gato-dumas","tag-gatodumasonline","tag-semipresencial"],"acf":[],"yoast_head":"<!-- This site is optimized with the Yoast SEO plugin v25.9 - https:\/\/yoast.com\/wordpress\/plugins\/seo\/ -->\n<title>LA MUJER QUE LLEN\u00d3 DE TALENTO A LA GASTRONOM\u00cdA EN COLOMBIA - Gato Dumas Barranquilla<\/title>\n<meta name=\"robots\" content=\"index, follow, max-snippet:-1, max-image-preview:large, max-video-preview:-1\" \/>\n<link rel=\"canonical\" href=\"https:\/\/gatodumas.com.co\/barranquilla\/2022\/03\/22\/la-mujer-que-lleno-de-talento-a-la-gastronomia-en-colombia\/\" \/>\n<meta property=\"og:locale\" content=\"es_ES\" \/>\n<meta property=\"og:type\" content=\"article\" \/>\n<meta property=\"og:title\" content=\"LA MUJER QUE LLEN\u00d3 DE TALENTO A LA GASTRONOM\u00cdA EN COLOMBIA - Gato Dumas Barranquilla\" \/>\n<meta property=\"og:description\" content=\"Conozca la historia Carolina Parra, la persona que trajo al pa\u00eds la escuela Gato Dumas, un centro de aprendizaje de la cocina mundial. En el mundo, la profesi\u00f3n de la gastronom\u00eda fue popularmente ejercida por hombres. De hecho, la mayor\u00eda de los chefs o empresarios reconocidos del sector lo son. Pero a comienzos de los ... Leer m\u00e1s\" \/>\n<meta property=\"og:url\" content=\"https:\/\/gatodumas.com.co\/barranquilla\/2022\/03\/22\/la-mujer-que-lleno-de-talento-a-la-gastronomia-en-colombia\/\" \/>\n<meta property=\"og:site_name\" content=\"Gato Dumas Barranquilla\" \/>\n<meta property=\"article:published_time\" content=\"2022-03-22T16:13:34+00:00\" \/>\n<meta property=\"article:modified_time\" content=\"2024-04-02T18:04:19+00:00\" \/>\n<meta property=\"og:image\" content=\"https:\/\/gatodumas.com.co\/barranquilla\/wp-content\/uploads\/sites\/3\/2022\/03\/LA-MUJER-QUE-LLENO-DE-TALENTO-A-LA-GASTRONOMIA-EN-COLOMBIA.jpeg\" \/>\n\t<meta property=\"og:image:width\" content=\"700\" \/>\n\t<meta property=\"og:image:height\" content=\"526\" \/>\n\t<meta property=\"og:image:type\" content=\"image\/jpeg\" \/>\n<meta name=\"twitter:card\" content=\"summary_large_image\" \/>\n<meta name=\"twitter:label1\" content=\"Escrito por\" \/>\n\t<meta name=\"twitter:data1\" content=\"\" \/>\n\t<meta name=\"twitter:label2\" content=\"Tiempo de lectura\" \/>\n\t<meta name=\"twitter:data2\" content=\"5 minutos\" \/>\n<script type=\"application\/ld+json\" class=\"yoast-schema-graph\">{\"@context\":\"https:\/\/schema.org\",\"@graph\":[{\"@type\":\"Article\",\"@id\":\"https:\/\/gatodumas.com.co\/barranquilla\/2022\/03\/22\/la-mujer-que-lleno-de-talento-a-la-gastronomia-en-colombia\/#article\",\"isPartOf\":{\"@id\":\"https:\/\/gatodumas.com.co\/barranquilla\/2022\/03\/22\/la-mujer-que-lleno-de-talento-a-la-gastronomia-en-colombia\/\"},\"author\":{\"name\":\"\",\"@id\":\"\"},\"headline\":\"LA MUJER QUE LLEN\u00d3 DE TALENTO A LA GASTRONOM\u00cdA EN COLOMBIA\",\"datePublished\":\"2022-03-22T16:13:34+00:00\",\"dateModified\":\"2024-04-02T18:04:19+00:00\",\"mainEntityOfPage\":{\"@id\":\"https:\/\/gatodumas.com.co\/barranquilla\/2022\/03\/22\/la-mujer-que-lleno-de-talento-a-la-gastronomia-en-colombia\/\"},\"wordCount\":992,\"publisher\":{\"@id\":\"https:\/\/gatodumas.com.co\/barranquilla\/#organization\"},\"image\":{\"@id\":\"https:\/\/gatodumas.com.co\/barranquilla\/2022\/03\/22\/la-mujer-que-lleno-de-talento-a-la-gastronomia-en-colombia\/#primaryimage\"},\"thumbnailUrl\":\"https:\/\/gatodumas.com.co\/barranquilla\/wp-content\/uploads\/sites\/3\/2022\/03\/LA-MUJER-QUE-LLENO-DE-TALENTO-A-LA-GASTRONOMIA-EN-COLOMBIA.jpeg\",\"keywords\":[\"CAROLINA PARRA\",\"COLOMBIA\",\"GASTRONOM\u00cdA\",\"GATO DUMAS\",\"GATODUMASONLINE\",\"SEMIPRESENCIAL\"],\"articleSection\":[\"Noticias\"],\"inLanguage\":\"es\"},{\"@type\":\"WebPage\",\"@id\":\"https:\/\/gatodumas.com.co\/barranquilla\/2022\/03\/22\/la-mujer-que-lleno-de-talento-a-la-gastronomia-en-colombia\/\",\"url\":\"https:\/\/gatodumas.com.co\/barranquilla\/2022\/03\/22\/la-mujer-que-lleno-de-talento-a-la-gastronomia-en-colombia\/\",\"name\":\"LA MUJER QUE LLEN\u00d3 DE TALENTO A LA GASTRONOM\u00cdA EN COLOMBIA - Gato Dumas Barranquilla\",\"isPartOf\":{\"@id\":\"https:\/\/gatodumas.com.co\/barranquilla\/#website\"},\"primaryImageOfPage\":{\"@id\":\"https:\/\/gatodumas.com.co\/barranquilla\/2022\/03\/22\/la-mujer-que-lleno-de-talento-a-la-gastronomia-en-colombia\/#primaryimage\"},\"image\":{\"@id\":\"https:\/\/gatodumas.com.co\/barranquilla\/2022\/03\/22\/la-mujer-que-lleno-de-talento-a-la-gastronomia-en-colombia\/#primaryimage\"},\"thumbnailUrl\":\"https:\/\/gatodumas.com.co\/barranquilla\/wp-content\/uploads\/sites\/3\/2022\/03\/LA-MUJER-QUE-LLENO-DE-TALENTO-A-LA-GASTRONOMIA-EN-COLOMBIA.jpeg\",\"datePublished\":\"2022-03-22T16:13:34+00:00\",\"dateModified\":\"2024-04-02T18:04:19+00:00\",\"breadcrumb\":{\"@id\":\"https:\/\/gatodumas.com.co\/barranquilla\/2022\/03\/22\/la-mujer-que-lleno-de-talento-a-la-gastronomia-en-colombia\/#breadcrumb\"},\"inLanguage\":\"es\",\"potentialAction\":[{\"@type\":\"ReadAction\",\"target\":[\"https:\/\/gatodumas.com.co\/barranquilla\/2022\/03\/22\/la-mujer-que-lleno-de-talento-a-la-gastronomia-en-colombia\/\"]}]},{\"@type\":\"ImageObject\",\"inLanguage\":\"es\",\"@id\":\"https:\/\/gatodumas.com.co\/barranquilla\/2022\/03\/22\/la-mujer-que-lleno-de-talento-a-la-gastronomia-en-colombia\/#primaryimage\",\"url\":\"https:\/\/gatodumas.com.co\/barranquilla\/wp-content\/uploads\/sites\/3\/2022\/03\/LA-MUJER-QUE-LLENO-DE-TALENTO-A-LA-GASTRONOMIA-EN-COLOMBIA.jpeg\",\"contentUrl\":\"https:\/\/gatodumas.com.co\/barranquilla\/wp-content\/uploads\/sites\/3\/2022\/03\/LA-MUJER-QUE-LLENO-DE-TALENTO-A-LA-GASTRONOMIA-EN-COLOMBIA.jpeg\",\"width\":700,\"height\":526},{\"@type\":\"BreadcrumbList\",\"@id\":\"https:\/\/gatodumas.com.co\/barranquilla\/2022\/03\/22\/la-mujer-que-lleno-de-talento-a-la-gastronomia-en-colombia\/#breadcrumb\",\"itemListElement\":[{\"@type\":\"ListItem\",\"position\":1,\"name\":\"Portada\",\"item\":\"https:\/\/gatodumas.com.co\/barranquilla\/\"},{\"@type\":\"ListItem\",\"position\":2,\"name\":\"LA MUJER QUE LLEN\u00d3 DE TALENTO A LA GASTRONOM\u00cdA EN COLOMBIA\"}]},{\"@type\":\"WebSite\",\"@id\":\"https:\/\/gatodumas.com.co\/barranquilla\/#website\",\"url\":\"https:\/\/gatodumas.com.co\/barranquilla\/\",\"name\":\"Gato Dumas Barranquilla\",\"description\":\"\",\"publisher\":{\"@id\":\"https:\/\/gatodumas.com.co\/barranquilla\/#organization\"},\"potentialAction\":[{\"@type\":\"SearchAction\",\"target\":{\"@type\":\"EntryPoint\",\"urlTemplate\":\"https:\/\/gatodumas.com.co\/barranquilla\/?s={search_term_string}\"},\"query-input\":{\"@type\":\"PropertyValueSpecification\",\"valueRequired\":true,\"valueName\":\"search_term_string\"}}],\"inLanguage\":\"es\"},{\"@type\":\"Organization\",\"@id\":\"https:\/\/gatodumas.com.co\/barranquilla\/#organization\",\"name\":\"Gato Dumas Barranquilla\",\"url\":\"https:\/\/gatodumas.com.co\/barranquilla\/\",\"logo\":{\"@type\":\"ImageObject\",\"inLanguage\":\"es\",\"@id\":\"https:\/\/gatodumas.com.co\/barranquilla\/#\/schema\/logo\/image\/\",\"url\":\"https:\/\/gatodumas.com.co\/barranquilla\/wp-content\/uploads\/sites\/3\/2024\/03\/cropped-dumas-negro-01-1-1.png\",\"contentUrl\":\"https:\/\/gatodumas.com.co\/barranquilla\/wp-content\/uploads\/sites\/3\/2024\/03\/cropped-dumas-negro-01-1-1.png\",\"width\":2496,\"height\":854,\"caption\":\"Gato Dumas Barranquilla\"},\"image\":{\"@id\":\"https:\/\/gatodumas.com.co\/barranquilla\/#\/schema\/logo\/image\/\"}},{\"@type\":\"Person\",\"@id\":\"\",\"url\":\"https:\/\/gatodumas.com.co\/barranquilla\/author\/\"}]}<\/script>\n<!-- \/ Yoast SEO plugin. -->","yoast_head_json":{"title":"LA MUJER QUE LLEN\u00d3 DE TALENTO A LA GASTRONOM\u00cdA EN COLOMBIA - Gato Dumas Barranquilla","robots":{"index":"index","follow":"follow","max-snippet":"max-snippet:-1","max-image-preview":"max-image-preview:large","max-video-preview":"max-video-preview:-1"},"canonical":"https:\/\/gatodumas.com.co\/barranquilla\/2022\/03\/22\/la-mujer-que-lleno-de-talento-a-la-gastronomia-en-colombia\/","og_locale":"es_ES","og_type":"article","og_title":"LA MUJER QUE LLEN\u00d3 DE TALENTO A LA GASTRONOM\u00cdA EN COLOMBIA - Gato Dumas Barranquilla","og_description":"Conozca la historia Carolina Parra, la persona que trajo al pa\u00eds la escuela Gato Dumas, un centro de aprendizaje de la cocina mundial. En el mundo, la profesi\u00f3n de la gastronom\u00eda fue popularmente ejercida por hombres. De hecho, la mayor\u00eda de los chefs o empresarios reconocidos del sector lo son. Pero a comienzos de los ... Leer m\u00e1s","og_url":"https:\/\/gatodumas.com.co\/barranquilla\/2022\/03\/22\/la-mujer-que-lleno-de-talento-a-la-gastronomia-en-colombia\/","og_site_name":"Gato Dumas Barranquilla","article_published_time":"2022-03-22T16:13:34+00:00","article_modified_time":"2024-04-02T18:04:19+00:00","og_image":[{"width":700,"height":526,"url":"https:\/\/gatodumas.com.co\/barranquilla\/wp-content\/uploads\/sites\/3\/2022\/03\/LA-MUJER-QUE-LLENO-DE-TALENTO-A-LA-GASTRONOMIA-EN-COLOMBIA.jpeg","type":"image\/jpeg"}],"twitter_card":"summary_large_image","twitter_misc":{"Escrito por":"","Tiempo de lectura":"5 minutos"},"schema":{"@context":"https:\/\/schema.org","@graph":[{"@type":"Article","@id":"https:\/\/gatodumas.com.co\/barranquilla\/2022\/03\/22\/la-mujer-que-lleno-de-talento-a-la-gastronomia-en-colombia\/#article","isPartOf":{"@id":"https:\/\/gatodumas.com.co\/barranquilla\/2022\/03\/22\/la-mujer-que-lleno-de-talento-a-la-gastronomia-en-colombia\/"},"author":{"name":"","@id":""},"headline":"LA MUJER QUE LLEN\u00d3 DE TALENTO A LA GASTRONOM\u00cdA EN COLOMBIA","datePublished":"2022-03-22T16:13:34+00:00","dateModified":"2024-04-02T18:04:19+00:00","mainEntityOfPage":{"@id":"https:\/\/gatodumas.com.co\/barranquilla\/2022\/03\/22\/la-mujer-que-lleno-de-talento-a-la-gastronomia-en-colombia\/"},"wordCount":992,"publisher":{"@id":"https:\/\/gatodumas.com.co\/barranquilla\/#organization"},"image":{"@id":"https:\/\/gatodumas.com.co\/barranquilla\/2022\/03\/22\/la-mujer-que-lleno-de-talento-a-la-gastronomia-en-colombia\/#primaryimage"},"thumbnailUrl":"https:\/\/gatodumas.com.co\/barranquilla\/wp-content\/uploads\/sites\/3\/2022\/03\/LA-MUJER-QUE-LLENO-DE-TALENTO-A-LA-GASTRONOMIA-EN-COLOMBIA.jpeg","keywords":["CAROLINA PARRA","COLOMBIA","GASTRONOM\u00cdA","GATO DUMAS","GATODUMASONLINE","SEMIPRESENCIAL"],"articleSection":["Noticias"],"inLanguage":"es"},{"@type":"WebPage","@id":"https:\/\/gatodumas.com.co\/barranquilla\/2022\/03\/22\/la-mujer-que-lleno-de-talento-a-la-gastronomia-en-colombia\/","url":"https:\/\/gatodumas.com.co\/barranquilla\/2022\/03\/22\/la-mujer-que-lleno-de-talento-a-la-gastronomia-en-colombia\/","name":"LA MUJER QUE LLEN\u00d3 DE TALENTO A LA GASTRONOM\u00cdA EN COLOMBIA - Gato Dumas Barranquilla","isPartOf":{"@id":"https:\/\/gatodumas.com.co\/barranquilla\/#website"},"primaryImageOfPage":{"@id":"https:\/\/gatodumas.com.co\/barranquilla\/2022\/03\/22\/la-mujer-que-lleno-de-talento-a-la-gastronomia-en-colombia\/#primaryimage"},"image":{"@id":"https:\/\/gatodumas.com.co\/barranquilla\/2022\/03\/22\/la-mujer-que-lleno-de-talento-a-la-gastronomia-en-colombia\/#primaryimage"},"thumbnailUrl":"https:\/\/gatodumas.com.co\/barranquilla\/wp-content\/uploads\/sites\/3\/2022\/03\/LA-MUJER-QUE-LLENO-DE-TALENTO-A-LA-GASTRONOMIA-EN-COLOMBIA.jpeg","datePublished":"2022-03-22T16:13:34+00:00","dateModified":"2024-04-02T18:04:19+00:00","breadcrumb":{"@id":"https:\/\/gatodumas.com.co\/barranquilla\/2022\/03\/22\/la-mujer-que-lleno-de-talento-a-la-gastronomia-en-colombia\/#breadcrumb"},"inLanguage":"es","potentialAction":[{"@type":"ReadAction","target":["https:\/\/gatodumas.com.co\/barranquilla\/2022\/03\/22\/la-mujer-que-lleno-de-talento-a-la-gastronomia-en-colombia\/"]}]},{"@type":"ImageObject","inLanguage":"es","@id":"https:\/\/gatodumas.com.co\/barranquilla\/2022\/03\/22\/la-mujer-que-lleno-de-talento-a-la-gastronomia-en-colombia\/#primaryimage","url":"https:\/\/gatodumas.com.co\/barranquilla\/wp-content\/uploads\/sites\/3\/2022\/03\/LA-MUJER-QUE-LLENO-DE-TALENTO-A-LA-GASTRONOMIA-EN-COLOMBIA.jpeg","contentUrl":"https:\/\/gatodumas.com.co\/barranquilla\/wp-content\/uploads\/sites\/3\/2022\/03\/LA-MUJER-QUE-LLENO-DE-TALENTO-A-LA-GASTRONOMIA-EN-COLOMBIA.jpeg","width":700,"height":526},{"@type":"BreadcrumbList","@id":"https:\/\/gatodumas.com.co\/barranquilla\/2022\/03\/22\/la-mujer-que-lleno-de-talento-a-la-gastronomia-en-colombia\/#breadcrumb","itemListElement":[{"@type":"ListItem","position":1,"name":"Portada","item":"https:\/\/gatodumas.com.co\/barranquilla\/"},{"@type":"ListItem","position":2,"name":"LA MUJER QUE LLEN\u00d3 DE TALENTO A LA GASTRONOM\u00cdA EN COLOMBIA"}]},{"@type":"WebSite","@id":"https:\/\/gatodumas.com.co\/barranquilla\/#website","url":"https:\/\/gatodumas.com.co\/barranquilla\/","name":"Gato Dumas Barranquilla","description":"","publisher":{"@id":"https:\/\/gatodumas.com.co\/barranquilla\/#organization"},"potentialAction":[{"@type":"SearchAction","target":{"@type":"EntryPoint","urlTemplate":"https:\/\/gatodumas.com.co\/barranquilla\/?s={search_term_string}"},"query-input":{"@type":"PropertyValueSpecification","valueRequired":true,"valueName":"search_term_string"}}],"inLanguage":"es"},{"@type":"Organization","@id":"https:\/\/gatodumas.com.co\/barranquilla\/#organization","name":"Gato Dumas Barranquilla","url":"https:\/\/gatodumas.com.co\/barranquilla\/","logo":{"@type":"ImageObject","inLanguage":"es","@id":"https:\/\/gatodumas.com.co\/barranquilla\/#\/schema\/logo\/image\/","url":"https:\/\/gatodumas.com.co\/barranquilla\/wp-content\/uploads\/sites\/3\/2024\/03\/cropped-dumas-negro-01-1-1.png","contentUrl":"https:\/\/gatodumas.com.co\/barranquilla\/wp-content\/uploads\/sites\/3\/2024\/03\/cropped-dumas-negro-01-1-1.png","width":2496,"height":854,"caption":"Gato Dumas Barranquilla"},"image":{"@id":"https:\/\/gatodumas.com.co\/barranquilla\/#\/schema\/logo\/image\/"}},{"@type":"Person","@id":"","url":"https:\/\/gatodumas.com.co\/barranquilla\/author\/"}]}},"_links":{"self":[{"href":"https:\/\/gatodumas.com.co\/barranquilla\/wp-json\/wp\/v2\/posts\/14207","targetHints":{"allow":["GET"]}}],"collection":[{"href":"https:\/\/gatodumas.com.co\/barranquilla\/wp-json\/wp\/v2\/posts"}],"about":[{"href":"https:\/\/gatodumas.com.co\/barranquilla\/wp-json\/wp\/v2\/types\/post"}],"author":[{"embeddable":true,"href":"https:\/\/gatodumas.com.co\/barranquilla\/wp-json\/wp\/v2\/users\/3"}],"replies":[{"embeddable":true,"href":"https:\/\/gatodumas.com.co\/barranquilla\/wp-json\/wp\/v2\/comments?post=14207"}],"version-history":[{"count":1,"href":"https:\/\/gatodumas.com.co\/barranquilla\/wp-json\/wp\/v2\/posts\/14207\/revisions"}],"predecessor-version":[{"id":16214,"href":"https:\/\/gatodumas.com.co\/barranquilla\/wp-json\/wp\/v2\/posts\/14207\/revisions\/16214"}],"wp:featuredmedia":[{"embeddable":true,"href":"https:\/\/gatodumas.com.co\/barranquilla\/wp-json\/wp\/v2\/media\/16216"}],"wp:attachment":[{"href":"https:\/\/gatodumas.com.co\/barranquilla\/wp-json\/wp\/v2\/media?parent=14207"}],"wp:term":[{"taxonomy":"category","embeddable":true,"href":"https:\/\/gatodumas.com.co\/barranquilla\/wp-json\/wp\/v2\/categories?post=14207"},{"taxonomy":"post_tag","embeddable":true,"href":"https:\/\/gatodumas.com.co\/barranquilla\/wp-json\/wp\/v2\/tags?post=14207"}],"curies":[{"name":"wp","href":"https:\/\/api.w.org\/{rel}","templated":true}]}}