{"id":14793,"date":"2023-10-26T17:36:16","date_gmt":"2023-10-26T22:36:16","guid":{"rendered":"https:\/\/gatodumas.com.co\/bogota\/?p=14793"},"modified":"2024-03-21T18:01:55","modified_gmt":"2024-03-21T17:01:55","slug":"el-cerebro-y-talento-que-conquistan-los-paladares-de-la-villa-panamericana","status":"publish","type":"post","link":"https:\/\/gatodumas.com.co\/bogota\/el-cerebro-y-talento-que-conquistan-los-paladares-de-la-villa-panamericana\/","title":{"rendered":"El cerebro y talento que conquistan los paladares de la Villa Panamericana"},"content":{"rendered":"<div class=\"wpb-content-wrapper\"><p>[vc_row][vc_column][vc_column_text]<\/p>\n<div class=\"col-12\">\n<p><strong><span style=\"font-size: 16px;\">A cargo de entregar 20 mil raciones diarias, el chef Claudio P\u00e9rez lidera la oferta gastron\u00f3mica del hogar de los atletas.<\/span><\/strong><\/p>\n<\/div>\n<div class=\"col-12\">\n<div class=\"news-body\">\n<p>Liderazgo, experiencia y mundo. Eso define al chef ejecutivo de los comedores de la Villa Panamericana.\u00a0<strong>Claudio P\u00e9rez<\/strong>\u00a0est\u00e1 a cargo de casi 2.000 trabajadores y de entregar un servicio de lujo a atletas, oficiales, t\u00e9cnicos, jefes de misi\u00f3n, staff, voluntarios y proveedores.<\/p>\n<p>&nbsp;<\/p>\n<p dir=\"ltr\">Su historia se remonta a su infancia. La influencia de su madre, la reconocida chef chilena\u00a0<strong>Codilva Mayorga,<\/strong> lo sumergi\u00f3 en el mundo de la cocina desde temprana edad.<\/p>\n<p dir=\"ltr\">Con una trayectoria exitosa, Claudio P\u00e9rez fue chef ejecutivo en\u00a0<strong>Decameron,<\/strong> en San Andr\u00e9s, y luego lider\u00f3 una empresa que proporcionaba cerca de 20.000 comidas diarias para aviones en Bogot\u00e1. Su dedicaci\u00f3n y pasi\u00f3n lo llevaron a trabajar en la industria de cruceros con\u00a0<strong>Royal Caribbean International,<\/strong> lo que le permiti\u00f3 viajar y recorrer el mundo.<\/p>\n<p dir=\"ltr\">P\u00e9rez inici\u00f3 su carrera combinando estudios de auditor\u00eda y gastronom\u00eda. Realiz\u00f3 una pasant\u00eda en la\u00a0<strong>Universidad de los Andes en Bogot\u00e1, Colombia,<\/strong> donde no solo ampli\u00f3 su conocimiento culinario, sino tambi\u00e9n conoci\u00f3 a su esposa, con quien form\u00f3 una familia de cuatro hijos. Posteriormente, se form\u00f3 como chef en el prestigioso Instituto\u00a0<strong>Gato Dumas, con sede en Barranquilla, Colombia.<\/strong><\/p>\n<p dir=\"ltr\"><img decoding=\"async\" src=\"https:\/\/cdn.santiago2023.org\/uploads\/images\/e562db619591d21abbb85513b0b7091a.jpg\" alt=\"\" \/><br \/>\n<strong><em>El comedor de atletas de la Villa Panamericana (Foto: Santiago 2023).<\/em><\/strong><\/p>\n<p dir=\"ltr\"><strong>PARA TODOS LOS PALADARES<\/strong><\/p>\n<p dir=\"ltr\">Actualmente, Claudio lidera la planificaci\u00f3n de la oferta gastron\u00f3mica en Santiago 2023.\u00a0<strong>Su compromiso es brindar una experiencia culinaria excepcional a m\u00e1s de 6.000 atletas, junto con sus comitivas, y aproximadamente 2.000 trabajadores.\u00a0<\/strong><\/p>\n<p dir=\"ltr\"><strong>\u201cVemos c\u00f3mo cada d\u00eda mejora el servicio en los comedores de la Villa. Estamos comprometidos con la calidad, con que la comida sea deliciosa, que haya para todos los gustos\u201d,<\/strong> dice.<\/p>\n<p dir=\"ltr\">Claudio se asegura de que el men\u00fa sea diverso y satisfaga todos los gustos, desde platos tradicionales de Am\u00e9rica del Norte y Am\u00e9rica Central hasta aut\u00e9nticas creaciones de sudamericanas. Adem\u00e1s, se enfoca en resaltar la rica gastronom\u00eda chilena y trabaja en la implementaci\u00f3n de una parrilla chilena.<\/p>\n<p dir=\"ltr\"><strong>\u201cPlanificamos todo lo que es la minuta, las recetas. Investigamos sobre los gustos de algunas comitivas y hace unos d\u00edas se ve plasmado el trabajo, con todos los sabores para deleitar los paladares de quienes participan en esta fiesta\u201d,<\/strong> sostiene.<\/p>\n<p dir=\"ltr\">La dedicaci\u00f3n de P\u00e9rez a la calidad y la diversidad en la oferta culinaria garantiza que los atletas y visitantes de toda Am\u00e9rica disfruten de una comida excepcional que refleja la riqueza culinaria del continente.<\/p>\n<p dir=\"ltr\">En la Villa, adem\u00e1s de los comedores, ya est\u00e1 en marcha el policl\u00ednico, los puntos de reciclaje, el centro de transporte, el centro de bienvenida, la lavander\u00eda, una comisar\u00eda de Carabineros, entre otras instalaciones para que los atletas tengan su mejor estad\u00eda. Tambi\u00e9n est\u00e1n dispuestas las \u00e1reas verdes, los equipamientos deportivos y los paseos peatonales.<\/p>\n<p dir=\"ltr\"><strong>Los departamentos se transformar\u00e1n buena parte en viviendas sociales para 1.355 familias, uno de los grandes legados de la cita continental junto con la nueva infraestructura deportiva para el pa\u00eds.\u00a0<\/strong><\/p>\n<p dir=\"ltr\"><strong>COMUNICACIONES SANTIAGO 2023<\/strong><br \/>\n<strong>Correo:\u00a0<a href=\"mailto:comunicaciones@santiago2023.org\" target=\"_blank\" rel=\"noopener\">comunicaciones@santiago2023.org<\/a><br \/>\nInstagram:\u00a0<a href=\"https:\/\/www.instagram.com\/santiago2023oficial\/\" target=\"_blank\" rel=\"noopener\" data-saferedirecturl=\"https:\/\/www.google.com\/url?q=https:\/\/www.instagram.com\/santiago2023oficial\/&amp;source=gmail&amp;ust=1671106179860000&amp;usg=AOvVaw1zUQkbUa1vJ05M2Xt-zIxf\">@santiago2023oficial<\/a><br \/>\nInstagram Mascota:\u00a0<a href=\"https:\/\/www.instagram.com\/fiusantiago2023\/\" target=\"_blank\" rel=\"noopener\" data-saferedirecturl=\"https:\/\/www.google.com\/url?q=https:\/\/www.instagram.com\/fiusantiago2023\/&amp;source=gmail&amp;ust=1671106179860000&amp;usg=AOvVaw1YLq8tQK_9n1xkMbdoapDP\">@fiusantiago2023<\/a><br \/>\nTwitter:\u00a0<a href=\"https:\/\/twitter.com\/santiago2023\" target=\"_blank\" rel=\"noopener\" data-saferedirecturl=\"https:\/\/www.google.com\/url?q=https:\/\/twitter.com\/santiago2023&amp;source=gmail&amp;ust=1671106179860000&amp;usg=AOvVaw1QC3q0Qn1ccHw32MY2jvr2\">@santiago2023<\/a><br \/>\nFacebook:\u00a0<a href=\"https:\/\/www.facebook.com\/Santiago2023oficial\" target=\"_blank\" rel=\"noopener\" data-saferedirecturl=\"https:\/\/www.google.com\/url?q=https:\/\/www.facebook.com\/Santiago2023oficial&amp;source=gmail&amp;ust=1671106179860000&amp;usg=AOvVaw1ryZLuTk0rDIYklOqOH3Ag\">\/Santiago2023oficial<\/a><br \/>\nYoutube:\u00a0<a href=\"https:\/\/www.youtube.com\/channel\/UCJ5Pxtcehf7ynUuWwNO5gEg\" target=\"_blank\" rel=\"noopener\" data-saferedirecturl=\"https:\/\/www.google.com\/url?q=https:\/\/www.youtube.com\/channel\/UCJ5Pxtcehf7ynUuWwNO5gEg&amp;source=gmail&amp;ust=1671106179861000&amp;usg=AOvVaw3hij0kRix44JKyOOQxJUo9\">@Santiago2023oficial<\/a><br \/>\nTikTok:\u00a0<a href=\"https:\/\/www.tiktok.com\/@santiago2023oficial?lang=en\" target=\"_blank\" rel=\"noopener\" data-saferedirecturl=\"https:\/\/www.google.com\/url?q=https:\/\/www.tiktok.com\/@santiago2023oficial?lang%3Den&amp;source=gmail&amp;ust=1671106179861000&amp;usg=AOvVaw1AIFayF3EI43W6U71E7nue\">@Santiago2023oficial<\/a><br \/>\nFlickr:\u00a0<a href=\"https:\/\/www.flickr.com\/photos\/santiago2023\/albums\">@Santiago2023<\/a><\/strong><\/p>\n<\/div>\n<\/div>\n<p>[\/vc_column_text][\/vc_column][\/vc_row][vc_row][vc_column][vc_column_text]<\/p>\n<h2>\u00a0Referente<\/h2>\n<p>https:\/\/www.santiago2023.org\/es\/noticias\/portada-sitio-web\/detalle\/1926\/el-cerebro-y-talento-que-conquistan-los-paladares-de-la-villa-panamericana.[\/vc_column_text][\/vc_column][\/vc_row]<\/p>\n<\/div>","protected":false},"excerpt":{"rendered":"<p>[vc_row][vc_column][vc_column_text] A cargo de entregar 20 mil raciones diarias, el chef Claudio P\u00e9rez lidera la oferta gastron\u00f3mica del hogar de los atletas. Liderazgo, experiencia y mundo. Eso define al chef ejecutivo de los comedores de la Villa Panamericana.\u00a0Claudio P\u00e9rez\u00a0est\u00e1 a cargo de casi 2.000 trabajadores y de entregar un servicio de lujo a atletas, oficiales, &#8230; <a title=\"El cerebro y talento que conquistan los paladares de la Villa Panamericana\" class=\"read-more\" href=\"https:\/\/gatodumas.com.co\/bogota\/el-cerebro-y-talento-que-conquistan-los-paladares-de-la-villa-panamericana\/\" aria-label=\"Leer m\u00e1s sobre El cerebro y talento que conquistan los paladares de la Villa Panamericana\">Leer m\u00e1s<\/a><\/p>\n","protected":false},"author":3,"featured_media":14950,"comment_status":"closed","ping_status":"closed","sticky":false,"template":"","format":"standard","meta":{"_acf_changed":false,"footnotes":""},"categories":[3],"tags":[],"class_list":["post-14793","post","type-post","status-publish","format-standard","has-post-thumbnail","hentry","category-noticias"],"acf":[],"yoast_head":"<!-- This site is optimized with the Yoast SEO plugin v25.9 - https:\/\/yoast.com\/wordpress\/plugins\/seo\/ -->\n<title>El cerebro y talento que conquistan los paladares de la Villa Panamericana - Gato Dumas Bogot\u00e1<\/title>\n<meta name=\"robots\" content=\"index, follow, max-snippet:-1, max-image-preview:large, max-video-preview:-1\" \/>\n<link rel=\"canonical\" href=\"https:\/\/gatodumas.com.co\/bogota\/el-cerebro-y-talento-que-conquistan-los-paladares-de-la-villa-panamericana\/\" \/>\n<meta property=\"og:locale\" content=\"es_ES\" \/>\n<meta property=\"og:type\" content=\"article\" \/>\n<meta property=\"og:title\" content=\"El cerebro y talento que conquistan los paladares de la Villa Panamericana - Gato Dumas Bogot\u00e1\" \/>\n<meta property=\"og:description\" content=\"[vc_row][vc_column][vc_column_text] A cargo de entregar 20 mil raciones diarias, el chef Claudio P\u00e9rez lidera la oferta gastron\u00f3mica del hogar de los atletas. Liderazgo, experiencia y mundo. Eso define al chef ejecutivo de los comedores de la Villa Panamericana.\u00a0Claudio P\u00e9rez\u00a0est\u00e1 a cargo de casi 2.000 trabajadores y de entregar un servicio de lujo a atletas, oficiales, ... Leer m\u00e1s\" \/>\n<meta property=\"og:url\" content=\"https:\/\/gatodumas.com.co\/bogota\/el-cerebro-y-talento-que-conquistan-los-paladares-de-la-villa-panamericana\/\" \/>\n<meta property=\"og:site_name\" content=\"Gato Dumas Bogot\u00e1\" \/>\n<meta property=\"article:published_time\" content=\"2023-10-26T22:36:16+00:00\" \/>\n<meta property=\"article:modified_time\" content=\"2024-03-21T17:01:55+00:00\" \/>\n<meta property=\"og:image\" content=\"https:\/\/gatodumas.com.co\/bogota\/wp-content\/uploads\/sites\/2\/2023\/10\/claudio-perez.jpeg\" \/>\n\t<meta property=\"og:image:width\" content=\"600\" \/>\n\t<meta property=\"og:image:height\" content=\"600\" \/>\n\t<meta property=\"og:image:type\" content=\"image\/jpeg\" \/>\n<meta name=\"twitter:card\" content=\"summary_large_image\" \/>\n<meta name=\"twitter:label1\" content=\"Escrito por\" \/>\n\t<meta name=\"twitter:data1\" content=\"\" \/>\n\t<meta name=\"twitter:label2\" content=\"Tiempo de lectura\" \/>\n\t<meta name=\"twitter:data2\" content=\"3 minutos\" \/>\n<script type=\"application\/ld+json\" class=\"yoast-schema-graph\">{\"@context\":\"https:\/\/schema.org\",\"@graph\":[{\"@type\":\"Article\",\"@id\":\"https:\/\/gatodumas.com.co\/bogota\/el-cerebro-y-talento-que-conquistan-los-paladares-de-la-villa-panamericana\/#article\",\"isPartOf\":{\"@id\":\"https:\/\/gatodumas.com.co\/bogota\/el-cerebro-y-talento-que-conquistan-los-paladares-de-la-villa-panamericana\/\"},\"author\":{\"name\":\"\",\"@id\":\"\"},\"headline\":\"El cerebro y talento que conquistan los paladares de la Villa Panamericana\",\"datePublished\":\"2023-10-26T22:36:16+00:00\",\"dateModified\":\"2024-03-21T17:01:55+00:00\",\"mainEntityOfPage\":{\"@id\":\"https:\/\/gatodumas.com.co\/bogota\/el-cerebro-y-talento-que-conquistan-los-paladares-de-la-villa-panamericana\/\"},\"wordCount\":600,\"publisher\":{\"@id\":\"https:\/\/gatodumas.com.co\/bogota\/#organization\"},\"image\":{\"@id\":\"https:\/\/gatodumas.com.co\/bogota\/el-cerebro-y-talento-que-conquistan-los-paladares-de-la-villa-panamericana\/#primaryimage\"},\"thumbnailUrl\":\"https:\/\/gatodumas.com.co\/bogota\/wp-content\/uploads\/sites\/2\/2023\/10\/claudio-perez.jpeg\",\"articleSection\":[\"Noticias\"],\"inLanguage\":\"es\"},{\"@type\":\"WebPage\",\"@id\":\"https:\/\/gatodumas.com.co\/bogota\/el-cerebro-y-talento-que-conquistan-los-paladares-de-la-villa-panamericana\/\",\"url\":\"https:\/\/gatodumas.com.co\/bogota\/el-cerebro-y-talento-que-conquistan-los-paladares-de-la-villa-panamericana\/\",\"name\":\"El cerebro y talento que conquistan los paladares de la Villa Panamericana - Gato Dumas Bogot\u00e1\",\"isPartOf\":{\"@id\":\"https:\/\/gatodumas.com.co\/bogota\/#website\"},\"primaryImageOfPage\":{\"@id\":\"https:\/\/gatodumas.com.co\/bogota\/el-cerebro-y-talento-que-conquistan-los-paladares-de-la-villa-panamericana\/#primaryimage\"},\"image\":{\"@id\":\"https:\/\/gatodumas.com.co\/bogota\/el-cerebro-y-talento-que-conquistan-los-paladares-de-la-villa-panamericana\/#primaryimage\"},\"thumbnailUrl\":\"https:\/\/gatodumas.com.co\/bogota\/wp-content\/uploads\/sites\/2\/2023\/10\/claudio-perez.jpeg\",\"datePublished\":\"2023-10-26T22:36:16+00:00\",\"dateModified\":\"2024-03-21T17:01:55+00:00\",\"breadcrumb\":{\"@id\":\"https:\/\/gatodumas.com.co\/bogota\/el-cerebro-y-talento-que-conquistan-los-paladares-de-la-villa-panamericana\/#breadcrumb\"},\"inLanguage\":\"es\",\"potentialAction\":[{\"@type\":\"ReadAction\",\"target\":[\"https:\/\/gatodumas.com.co\/bogota\/el-cerebro-y-talento-que-conquistan-los-paladares-de-la-villa-panamericana\/\"]}]},{\"@type\":\"ImageObject\",\"inLanguage\":\"es\",\"@id\":\"https:\/\/gatodumas.com.co\/bogota\/el-cerebro-y-talento-que-conquistan-los-paladares-de-la-villa-panamericana\/#primaryimage\",\"url\":\"https:\/\/gatodumas.com.co\/bogota\/wp-content\/uploads\/sites\/2\/2023\/10\/claudio-perez.jpeg\",\"contentUrl\":\"https:\/\/gatodumas.com.co\/bogota\/wp-content\/uploads\/sites\/2\/2023\/10\/claudio-perez.jpeg\",\"width\":600,\"height\":600},{\"@type\":\"BreadcrumbList\",\"@id\":\"https:\/\/gatodumas.com.co\/bogota\/el-cerebro-y-talento-que-conquistan-los-paladares-de-la-villa-panamericana\/#breadcrumb\",\"itemListElement\":[{\"@type\":\"ListItem\",\"position\":1,\"name\":\"Portada\",\"item\":\"https:\/\/gatodumas.com.co\/bogota\/\"},{\"@type\":\"ListItem\",\"position\":2,\"name\":\"El cerebro y talento que conquistan los paladares de la Villa Panamericana\"}]},{\"@type\":\"WebSite\",\"@id\":\"https:\/\/gatodumas.com.co\/bogota\/#website\",\"url\":\"https:\/\/gatodumas.com.co\/bogota\/\",\"name\":\"Gato Dumas Bogot\u00e1\",\"description\":\"bogota\",\"publisher\":{\"@id\":\"https:\/\/gatodumas.com.co\/bogota\/#organization\"},\"potentialAction\":[{\"@type\":\"SearchAction\",\"target\":{\"@type\":\"EntryPoint\",\"urlTemplate\":\"https:\/\/gatodumas.com.co\/bogota\/?s={search_term_string}\"},\"query-input\":{\"@type\":\"PropertyValueSpecification\",\"valueRequired\":true,\"valueName\":\"search_term_string\"}}],\"inLanguage\":\"es\"},{\"@type\":\"Organization\",\"@id\":\"https:\/\/gatodumas.com.co\/bogota\/#organization\",\"name\":\"Gato Dumas Bogot\u00e1\",\"url\":\"https:\/\/gatodumas.com.co\/bogota\/\",\"logo\":{\"@type\":\"ImageObject\",\"inLanguage\":\"es\",\"@id\":\"https:\/\/gatodumas.com.co\/bogota\/#\/schema\/logo\/image\/\",\"url\":\"https:\/\/gatodumas.com.co\/bogota\/wp-content\/uploads\/sites\/2\/2024\/02\/cropped-dumas-negro-01-1.png\",\"contentUrl\":\"https:\/\/gatodumas.com.co\/bogota\/wp-content\/uploads\/sites\/2\/2024\/02\/cropped-dumas-negro-01-1.png\",\"width\":2497,\"height\":956,\"caption\":\"Gato Dumas Bogot\u00e1\"},\"image\":{\"@id\":\"https:\/\/gatodumas.com.co\/bogota\/#\/schema\/logo\/image\/\"}},{\"@type\":\"Person\",\"@id\":\"\",\"url\":\"https:\/\/gatodumas.com.co\/bogota\/author\/\"}]}<\/script>\n<!-- \/ Yoast SEO plugin. -->","yoast_head_json":{"title":"El cerebro y talento que conquistan los paladares de la Villa Panamericana - Gato Dumas Bogot\u00e1","robots":{"index":"index","follow":"follow","max-snippet":"max-snippet:-1","max-image-preview":"max-image-preview:large","max-video-preview":"max-video-preview:-1"},"canonical":"https:\/\/gatodumas.com.co\/bogota\/el-cerebro-y-talento-que-conquistan-los-paladares-de-la-villa-panamericana\/","og_locale":"es_ES","og_type":"article","og_title":"El cerebro y talento que conquistan los paladares de la Villa Panamericana - Gato Dumas Bogot\u00e1","og_description":"[vc_row][vc_column][vc_column_text] A cargo de entregar 20 mil raciones diarias, el chef Claudio P\u00e9rez lidera la oferta gastron\u00f3mica del hogar de los atletas. Liderazgo, experiencia y mundo. Eso define al chef ejecutivo de los comedores de la Villa Panamericana.\u00a0Claudio P\u00e9rez\u00a0est\u00e1 a cargo de casi 2.000 trabajadores y de entregar un servicio de lujo a atletas, oficiales, ... Leer m\u00e1s","og_url":"https:\/\/gatodumas.com.co\/bogota\/el-cerebro-y-talento-que-conquistan-los-paladares-de-la-villa-panamericana\/","og_site_name":"Gato Dumas Bogot\u00e1","article_published_time":"2023-10-26T22:36:16+00:00","article_modified_time":"2024-03-21T17:01:55+00:00","og_image":[{"width":600,"height":600,"url":"https:\/\/gatodumas.com.co\/bogota\/wp-content\/uploads\/sites\/2\/2023\/10\/claudio-perez.jpeg","type":"image\/jpeg"}],"twitter_card":"summary_large_image","twitter_misc":{"Escrito por":"","Tiempo de lectura":"3 minutos"},"schema":{"@context":"https:\/\/schema.org","@graph":[{"@type":"Article","@id":"https:\/\/gatodumas.com.co\/bogota\/el-cerebro-y-talento-que-conquistan-los-paladares-de-la-villa-panamericana\/#article","isPartOf":{"@id":"https:\/\/gatodumas.com.co\/bogota\/el-cerebro-y-talento-que-conquistan-los-paladares-de-la-villa-panamericana\/"},"author":{"name":"","@id":""},"headline":"El cerebro y talento que conquistan los paladares de la Villa Panamericana","datePublished":"2023-10-26T22:36:16+00:00","dateModified":"2024-03-21T17:01:55+00:00","mainEntityOfPage":{"@id":"https:\/\/gatodumas.com.co\/bogota\/el-cerebro-y-talento-que-conquistan-los-paladares-de-la-villa-panamericana\/"},"wordCount":600,"publisher":{"@id":"https:\/\/gatodumas.com.co\/bogota\/#organization"},"image":{"@id":"https:\/\/gatodumas.com.co\/bogota\/el-cerebro-y-talento-que-conquistan-los-paladares-de-la-villa-panamericana\/#primaryimage"},"thumbnailUrl":"https:\/\/gatodumas.com.co\/bogota\/wp-content\/uploads\/sites\/2\/2023\/10\/claudio-perez.jpeg","articleSection":["Noticias"],"inLanguage":"es"},{"@type":"WebPage","@id":"https:\/\/gatodumas.com.co\/bogota\/el-cerebro-y-talento-que-conquistan-los-paladares-de-la-villa-panamericana\/","url":"https:\/\/gatodumas.com.co\/bogota\/el-cerebro-y-talento-que-conquistan-los-paladares-de-la-villa-panamericana\/","name":"El cerebro y talento que conquistan los paladares de la Villa Panamericana - Gato Dumas Bogot\u00e1","isPartOf":{"@id":"https:\/\/gatodumas.com.co\/bogota\/#website"},"primaryImageOfPage":{"@id":"https:\/\/gatodumas.com.co\/bogota\/el-cerebro-y-talento-que-conquistan-los-paladares-de-la-villa-panamericana\/#primaryimage"},"image":{"@id":"https:\/\/gatodumas.com.co\/bogota\/el-cerebro-y-talento-que-conquistan-los-paladares-de-la-villa-panamericana\/#primaryimage"},"thumbnailUrl":"https:\/\/gatodumas.com.co\/bogota\/wp-content\/uploads\/sites\/2\/2023\/10\/claudio-perez.jpeg","datePublished":"2023-10-26T22:36:16+00:00","dateModified":"2024-03-21T17:01:55+00:00","breadcrumb":{"@id":"https:\/\/gatodumas.com.co\/bogota\/el-cerebro-y-talento-que-conquistan-los-paladares-de-la-villa-panamericana\/#breadcrumb"},"inLanguage":"es","potentialAction":[{"@type":"ReadAction","target":["https:\/\/gatodumas.com.co\/bogota\/el-cerebro-y-talento-que-conquistan-los-paladares-de-la-villa-panamericana\/"]}]},{"@type":"ImageObject","inLanguage":"es","@id":"https:\/\/gatodumas.com.co\/bogota\/el-cerebro-y-talento-que-conquistan-los-paladares-de-la-villa-panamericana\/#primaryimage","url":"https:\/\/gatodumas.com.co\/bogota\/wp-content\/uploads\/sites\/2\/2023\/10\/claudio-perez.jpeg","contentUrl":"https:\/\/gatodumas.com.co\/bogota\/wp-content\/uploads\/sites\/2\/2023\/10\/claudio-perez.jpeg","width":600,"height":600},{"@type":"BreadcrumbList","@id":"https:\/\/gatodumas.com.co\/bogota\/el-cerebro-y-talento-que-conquistan-los-paladares-de-la-villa-panamericana\/#breadcrumb","itemListElement":[{"@type":"ListItem","position":1,"name":"Portada","item":"https:\/\/gatodumas.com.co\/bogota\/"},{"@type":"ListItem","position":2,"name":"El cerebro y talento que conquistan los paladares de la Villa Panamericana"}]},{"@type":"WebSite","@id":"https:\/\/gatodumas.com.co\/bogota\/#website","url":"https:\/\/gatodumas.com.co\/bogota\/","name":"Gato Dumas Bogot\u00e1","description":"bogota","publisher":{"@id":"https:\/\/gatodumas.com.co\/bogota\/#organization"},"potentialAction":[{"@type":"SearchAction","target":{"@type":"EntryPoint","urlTemplate":"https:\/\/gatodumas.com.co\/bogota\/?s={search_term_string}"},"query-input":{"@type":"PropertyValueSpecification","valueRequired":true,"valueName":"search_term_string"}}],"inLanguage":"es"},{"@type":"Organization","@id":"https:\/\/gatodumas.com.co\/bogota\/#organization","name":"Gato Dumas Bogot\u00e1","url":"https:\/\/gatodumas.com.co\/bogota\/","logo":{"@type":"ImageObject","inLanguage":"es","@id":"https:\/\/gatodumas.com.co\/bogota\/#\/schema\/logo\/image\/","url":"https:\/\/gatodumas.com.co\/bogota\/wp-content\/uploads\/sites\/2\/2024\/02\/cropped-dumas-negro-01-1.png","contentUrl":"https:\/\/gatodumas.com.co\/bogota\/wp-content\/uploads\/sites\/2\/2024\/02\/cropped-dumas-negro-01-1.png","width":2497,"height":956,"caption":"Gato Dumas Bogot\u00e1"},"image":{"@id":"https:\/\/gatodumas.com.co\/bogota\/#\/schema\/logo\/image\/"}},{"@type":"Person","@id":"","url":"https:\/\/gatodumas.com.co\/bogota\/author\/"}]}},"_links":{"self":[{"href":"https:\/\/gatodumas.com.co\/bogota\/wp-json\/wp\/v2\/posts\/14793","targetHints":{"allow":["GET"]}}],"collection":[{"href":"https:\/\/gatodumas.com.co\/bogota\/wp-json\/wp\/v2\/posts"}],"about":[{"href":"https:\/\/gatodumas.com.co\/bogota\/wp-json\/wp\/v2\/types\/post"}],"author":[{"embeddable":true,"href":"https:\/\/gatodumas.com.co\/bogota\/wp-json\/wp\/v2\/users\/3"}],"replies":[{"embeddable":true,"href":"https:\/\/gatodumas.com.co\/bogota\/wp-json\/wp\/v2\/comments?post=14793"}],"version-history":[{"count":5,"href":"https:\/\/gatodumas.com.co\/bogota\/wp-json\/wp\/v2\/posts\/14793\/revisions"}],"predecessor-version":[{"id":15419,"href":"https:\/\/gatodumas.com.co\/bogota\/wp-json\/wp\/v2\/posts\/14793\/revisions\/15419"}],"wp:featuredmedia":[{"embeddable":true,"href":"https:\/\/gatodumas.com.co\/bogota\/wp-json\/wp\/v2\/media\/14950"}],"wp:attachment":[{"href":"https:\/\/gatodumas.com.co\/bogota\/wp-json\/wp\/v2\/media?parent=14793"}],"wp:term":[{"taxonomy":"category","embeddable":true,"href":"https:\/\/gatodumas.com.co\/bogota\/wp-json\/wp\/v2\/categories?post=14793"},{"taxonomy":"post_tag","embeddable":true,"href":"https:\/\/gatodumas.com.co\/bogota\/wp-json\/wp\/v2\/tags?post=14793"}],"curies":[{"name":"wp","href":"https:\/\/api.w.org\/{rel}","templated":true}]}}