{"id":13706,"date":"2021-06-10T13:48:07","date_gmt":"2021-06-10T18:48:07","guid":{"rendered":"https:\/\/gatodumas.com.co\/bogota\/?p=13706"},"modified":"2021-06-10T13:48:07","modified_gmt":"2021-06-10T18:48:07","slug":"colombia-se-prepara-para-participar-en-la-final-del-bocuse-dor","status":"publish","type":"post","link":"https:\/\/gatodumas.com.co\/bucaramanga\/2021\/06\/10\/colombia-se-prepara-para-participar-en-la-final-del-bocuse-dor\/","title":{"rendered":"Colombia se prepara para participar en la final del Bocuse D\u2019Or"},"content":{"rendered":"<p>Los reconocimientos internacionales obtenidos por<strong> chefs colombianos<\/strong> contin\u00faan contribuyendo al posicionamiento del pa\u00eds en el mapa de la gastronom\u00eda de la regi\u00f3n.<\/p>\n<p>De acuerdo con Carolina Parra, presidente de\u00a0<a href=\"https:\/\/gatodumas.com.co\/\" target=\"_blank\" rel=\"noopener noreferrer\">Gato Dumas<\/a>, \u00abel panorama para el sector gastron\u00f3mico es positivo, lo que obedece no solo a un fuerte surgimiento de emprendimientos gastron\u00f3micos adaptados a la nueva realidad, sino tambi\u00e9n a prestigiosos reconocimientos que recientemente han obtenido chefs colombianos, quienes dan muestra de talento y resiliencia en el exterior\u00bb.<\/p>\n<p>Tal es el caso de <strong>Juan Camilo Quintero<\/strong> y <strong>Juan Manuel Barrientos<\/strong>, dos cocineros apasionados y valerosos, quienes, en medio de la coyuntura, lograron llevarse a sus restaurantes una <strong>estrella Michelin<\/strong> y demostrar que en Colombia emerge una generaci\u00f3n que proyecta poner al pa\u00eds como un jugador de relevancia en el mundo de la gastronom\u00eda.<\/p>\n<p>\u201cReconocimientos como el alcanzado por <strong>Juan Manuel Barrientos<\/strong> con su restaurante El Cielo en Washington, es un gran aliento para toda la cadena de valor que hace parte del sector y un \u00e9xito que encarna el esfuerzo de una generaci\u00f3n que lo antecedi\u00f3 en este despertar gastron\u00f3mico y que sembraron los derroteros de este triunfo\u201d, expresa Parra.<\/p>\n<p>&nbsp;<\/p>\n<p>La buena hora de la gastronom\u00eda colombiana no llega hasta ah\u00ed. Ahora, Colombia se prepara para participar por primera vez en la final del <strong>Bocuse D\u2019Or,<\/strong> el concurso gastron\u00f3mico m\u00e1s importante del mundo, donde chefs de todo el planeta demostrar\u00e1n el talento que existe detr\u00e1s de sus cocinas.<\/p>\n<p>Para el caso de Colombia, <strong>Marcelino G\u00f3mez<\/strong> y <strong>M\u00f3nica R\u00edos<\/strong> har\u00e1n parte del equipo que se encargar\u00e1 de consolidar la estrategia y preparaci\u00f3n de los chefs que representar\u00e1n al pa\u00eds en la final que se desarrollar\u00e1 en el mes de septiembre en Lyon (Francia) y que junto a Costa Rica, Ecuador, Chile y Uruguay esperan traerse el preciado galard\u00f3n para Latinoam\u00e9rica.<\/p>\n<p>\u201cEl <strong>Bocuse D\u2019Or<\/strong> nos da la oportunidad de presentarnos en el escenario m\u00e1s competitivo de la cocina mundial y medirnos con pa\u00edses reconocidos en un torneo con un nivel de exigencia y protocolos sin precedentes. A su vez, ser\u00e1 un espacio de aprendizaje y visibilidad para nuestro pa\u00eds y todos los que hacen parte de este selecto equipo\u201d, a\u00f1ade la presidente de<strong> Gato Dumas.<\/strong><\/p>\n<p>&nbsp;<\/p>\n<blockquote class=\"wp-embedded-content\" data-secret=\"6DzPfk5ZzU\"><p><a href=\"https:\/\/www.buengusto.co\/colombia-se-prepara-para-participar-en-la-final-del-bocuse-dor\/\">Colombia se prepara para participar en la final del Bocuse D\u2019Or<\/a><\/p><\/blockquote>\n<p><iframe loading=\"lazy\" class=\"wp-embedded-content\" sandbox=\"allow-scripts\" security=\"restricted\" style=\"position: absolute; visibility: hidden;\" title=\"\u00abColombia se prepara para participar en la final del Bocuse D\u2019Or\u00bb \u2014 Revista Buen Gusto\" src=\"https:\/\/www.buengusto.co\/colombia-se-prepara-para-participar-en-la-final-del-bocuse-dor\/embed\/#?secret=k9iQ9bopt4#?secret=6DzPfk5ZzU\" data-secret=\"6DzPfk5ZzU\" width=\"600\" height=\"338\" frameborder=\"0\" marginwidth=\"0\" marginheight=\"0\" scrolling=\"no\"><\/iframe><\/p>\n","protected":false},"excerpt":{"rendered":"<p>Los reconocimientos internacionales obtenidos por chefs colombianos contin\u00faan contribuyendo al posicionamiento del pa\u00eds en el mapa de la gastronom\u00eda de la regi\u00f3n. De acuerdo con Carolina Parra, presidente de\u00a0Gato Dumas, \u00abel panorama para el sector gastron\u00f3mico es positivo, lo que obedece no solo a un fuerte surgimiento de emprendimientos gastron\u00f3micos adaptados a la nueva realidad, &#8230; <a title=\"Colombia se prepara para participar en la final del Bocuse D\u2019Or\" class=\"read-more\" href=\"https:\/\/gatodumas.com.co\/bucaramanga\/2021\/06\/10\/colombia-se-prepara-para-participar-en-la-final-del-bocuse-dor\/\" aria-label=\"Leer m\u00e1s sobre Colombia se prepara para participar en la final del Bocuse D\u2019Or\">Leer m\u00e1s<\/a><\/p>\n","protected":false},"author":2,"featured_media":13708,"comment_status":"open","ping_status":"closed","sticky":false,"template":"","format":"standard","meta":{"_acf_changed":false,"footnotes":""},"categories":[19],"tags":[70,71,32,33,67,68,63,37,69],"class_list":["post-13706","post","type-post","status-publish","format-standard","has-post-thumbnail","hentry","category-noticias","tag-bocuse-dor","tag-chefs","tag-gastronomia","tag-gato-dumas","tag-juan-manuel-barrientos","tag-juancamilo-quientero","tag-monica-rios","tag-semipresencial","tag-sostenibilidad"],"acf":[],"yoast_head":"<!-- This site is optimized with the Yoast SEO plugin v25.9 - https:\/\/yoast.com\/wordpress\/plugins\/seo\/ -->\n<title>Colombia se prepara para participar en la final del Bocuse D\u2019Or - Gato Dumas Bucaramanga<\/title>\n<meta name=\"robots\" content=\"index, follow, max-snippet:-1, max-image-preview:large, max-video-preview:-1\" \/>\n<link rel=\"canonical\" href=\"https:\/\/gatodumas.com.co\/bucaramanga\/2021\/06\/10\/colombia-se-prepara-para-participar-en-la-final-del-bocuse-dor\/\" \/>\n<meta property=\"og:locale\" content=\"es_ES\" \/>\n<meta property=\"og:type\" content=\"article\" \/>\n<meta property=\"og:title\" content=\"Colombia se prepara para participar en la final del Bocuse D\u2019Or - Gato Dumas Bucaramanga\" \/>\n<meta property=\"og:description\" content=\"Los reconocimientos internacionales obtenidos por chefs colombianos contin\u00faan contribuyendo al posicionamiento del pa\u00eds en el mapa de la gastronom\u00eda de la regi\u00f3n. De acuerdo con Carolina Parra, presidente de\u00a0Gato Dumas, \u00abel panorama para el sector gastron\u00f3mico es positivo, lo que obedece no solo a un fuerte surgimiento de emprendimientos gastron\u00f3micos adaptados a la nueva realidad, ... Leer m\u00e1s\" \/>\n<meta property=\"og:url\" content=\"https:\/\/gatodumas.com.co\/bucaramanga\/2021\/06\/10\/colombia-se-prepara-para-participar-en-la-final-del-bocuse-dor\/\" \/>\n<meta property=\"og:site_name\" content=\"Gato Dumas Bucaramanga\" \/>\n<meta property=\"article:published_time\" content=\"2021-06-10T18:48:07+00:00\" \/>\n<meta name=\"author\" content=\"ybernal\" \/>\n<meta name=\"twitter:card\" content=\"summary_large_image\" \/>\n<meta name=\"twitter:label1\" content=\"Escrito por\" \/>\n\t<meta name=\"twitter:data1\" content=\"ybernal\" \/>\n\t<meta name=\"twitter:label2\" content=\"Tiempo de lectura\" \/>\n\t<meta name=\"twitter:data2\" content=\"2 minutos\" \/>\n<script type=\"application\/ld+json\" class=\"yoast-schema-graph\">{\"@context\":\"https:\/\/schema.org\",\"@graph\":[{\"@type\":\"Article\",\"@id\":\"https:\/\/gatodumas.com.co\/bucaramanga\/2021\/06\/10\/colombia-se-prepara-para-participar-en-la-final-del-bocuse-dor\/#article\",\"isPartOf\":{\"@id\":\"https:\/\/gatodumas.com.co\/bucaramanga\/2021\/06\/10\/colombia-se-prepara-para-participar-en-la-final-del-bocuse-dor\/\"},\"author\":{\"name\":\"ybernal\",\"@id\":\"https:\/\/gatodumas.com.co\/bucaramanga\/#\/schema\/person\/3d2bf6ab205a95182f76c4312fd95e80\"},\"headline\":\"Colombia se prepara para participar en la final del Bocuse D\u2019Or\",\"datePublished\":\"2021-06-10T18:48:07+00:00\",\"mainEntityOfPage\":{\"@id\":\"https:\/\/gatodumas.com.co\/bucaramanga\/2021\/06\/10\/colombia-se-prepara-para-participar-en-la-final-del-bocuse-dor\/\"},\"wordCount\":413,\"commentCount\":0,\"publisher\":{\"@id\":\"https:\/\/gatodumas.com.co\/bucaramanga\/#organization\"},\"image\":{\"@id\":\"https:\/\/gatodumas.com.co\/bucaramanga\/2021\/06\/10\/colombia-se-prepara-para-participar-en-la-final-del-bocuse-dor\/#primaryimage\"},\"thumbnailUrl\":\"\",\"keywords\":[\"BOCUSE D`OR\",\"CHEFS\",\"GASTRONOM\u00cdA\",\"GATO DUMAS\",\"JUAN MANUEL BARRIENTOS\",\"JUANCAMILO QUIENTERO\",\"M\u00d3NICA R\u00cdOS\",\"SEMIPRESENCIAL\",\"sostenibilidad\"],\"articleSection\":[\"Noticias\"],\"inLanguage\":\"es\"},{\"@type\":\"WebPage\",\"@id\":\"https:\/\/gatodumas.com.co\/bucaramanga\/2021\/06\/10\/colombia-se-prepara-para-participar-en-la-final-del-bocuse-dor\/\",\"url\":\"https:\/\/gatodumas.com.co\/bucaramanga\/2021\/06\/10\/colombia-se-prepara-para-participar-en-la-final-del-bocuse-dor\/\",\"name\":\"Colombia se prepara para participar en la final del Bocuse D\u2019Or - Gato Dumas Bucaramanga\",\"isPartOf\":{\"@id\":\"https:\/\/gatodumas.com.co\/bucaramanga\/#website\"},\"primaryImageOfPage\":{\"@id\":\"https:\/\/gatodumas.com.co\/bucaramanga\/2021\/06\/10\/colombia-se-prepara-para-participar-en-la-final-del-bocuse-dor\/#primaryimage\"},\"image\":{\"@id\":\"https:\/\/gatodumas.com.co\/bucaramanga\/2021\/06\/10\/colombia-se-prepara-para-participar-en-la-final-del-bocuse-dor\/#primaryimage\"},\"thumbnailUrl\":\"\",\"datePublished\":\"2021-06-10T18:48:07+00:00\",\"breadcrumb\":{\"@id\":\"https:\/\/gatodumas.com.co\/bucaramanga\/2021\/06\/10\/colombia-se-prepara-para-participar-en-la-final-del-bocuse-dor\/#breadcrumb\"},\"inLanguage\":\"es\",\"potentialAction\":[{\"@type\":\"ReadAction\",\"target\":[\"https:\/\/gatodumas.com.co\/bucaramanga\/2021\/06\/10\/colombia-se-prepara-para-participar-en-la-final-del-bocuse-dor\/\"]}]},{\"@type\":\"ImageObject\",\"inLanguage\":\"es\",\"@id\":\"https:\/\/gatodumas.com.co\/bucaramanga\/2021\/06\/10\/colombia-se-prepara-para-participar-en-la-final-del-bocuse-dor\/#primaryimage\",\"url\":\"\",\"contentUrl\":\"\"},{\"@type\":\"BreadcrumbList\",\"@id\":\"https:\/\/gatodumas.com.co\/bucaramanga\/2021\/06\/10\/colombia-se-prepara-para-participar-en-la-final-del-bocuse-dor\/#breadcrumb\",\"itemListElement\":[{\"@type\":\"ListItem\",\"position\":1,\"name\":\"Portada\",\"item\":\"https:\/\/gatodumas.com.co\/bucaramanga\/\"},{\"@type\":\"ListItem\",\"position\":2,\"name\":\"Colombia se prepara para participar en la final del Bocuse D\u2019Or\"}]},{\"@type\":\"WebSite\",\"@id\":\"https:\/\/gatodumas.com.co\/bucaramanga\/#website\",\"url\":\"https:\/\/gatodumas.com.co\/bucaramanga\/\",\"name\":\"Gato Dumas Bucaramanga\",\"description\":\"\",\"publisher\":{\"@id\":\"https:\/\/gatodumas.com.co\/bucaramanga\/#organization\"},\"potentialAction\":[{\"@type\":\"SearchAction\",\"target\":{\"@type\":\"EntryPoint\",\"urlTemplate\":\"https:\/\/gatodumas.com.co\/bucaramanga\/?s={search_term_string}\"},\"query-input\":{\"@type\":\"PropertyValueSpecification\",\"valueRequired\":true,\"valueName\":\"search_term_string\"}}],\"inLanguage\":\"es\"},{\"@type\":\"Organization\",\"@id\":\"https:\/\/gatodumas.com.co\/bucaramanga\/#organization\",\"name\":\"Gato Dumas Bucaramanga\",\"url\":\"https:\/\/gatodumas.com.co\/bucaramanga\/\",\"logo\":{\"@type\":\"ImageObject\",\"inLanguage\":\"es\",\"@id\":\"https:\/\/gatodumas.com.co\/bucaramanga\/#\/schema\/logo\/image\/\",\"url\":\"https:\/\/gatodumas.com.co\/bucaramanga\/wp-content\/uploads\/sites\/4\/2024\/04\/cropped-dumas-negro-01-1.png\",\"contentUrl\":\"https:\/\/gatodumas.com.co\/bucaramanga\/wp-content\/uploads\/sites\/4\/2024\/04\/cropped-dumas-negro-01-1.png\",\"width\":2496,\"height\":844,\"caption\":\"Gato Dumas Bucaramanga\"},\"image\":{\"@id\":\"https:\/\/gatodumas.com.co\/bucaramanga\/#\/schema\/logo\/image\/\"}},{\"@type\":\"Person\",\"@id\":\"https:\/\/gatodumas.com.co\/bucaramanga\/#\/schema\/person\/3d2bf6ab205a95182f76c4312fd95e80\",\"name\":\"ybernal\",\"image\":{\"@type\":\"ImageObject\",\"inLanguage\":\"es\",\"@id\":\"https:\/\/gatodumas.com.co\/bucaramanga\/#\/schema\/person\/image\/\",\"url\":\"https:\/\/secure.gravatar.com\/avatar\/848281079db2890f17d60d1cc1ecca666d865f71b2ce2fa9256a4b65f2dd24b5?s=96&d=mm&r=g\",\"contentUrl\":\"https:\/\/secure.gravatar.com\/avatar\/848281079db2890f17d60d1cc1ecca666d865f71b2ce2fa9256a4b65f2dd24b5?s=96&d=mm&r=g\",\"caption\":\"ybernal\"},\"url\":\"https:\/\/gatodumas.com.co\/bucaramanga\/author\/ybernal\/\"}]}<\/script>\n<!-- \/ Yoast SEO plugin. -->","yoast_head_json":{"title":"Colombia se prepara para participar en la final del Bocuse D\u2019Or - Gato Dumas Bucaramanga","robots":{"index":"index","follow":"follow","max-snippet":"max-snippet:-1","max-image-preview":"max-image-preview:large","max-video-preview":"max-video-preview:-1"},"canonical":"https:\/\/gatodumas.com.co\/bucaramanga\/2021\/06\/10\/colombia-se-prepara-para-participar-en-la-final-del-bocuse-dor\/","og_locale":"es_ES","og_type":"article","og_title":"Colombia se prepara para participar en la final del Bocuse D\u2019Or - Gato Dumas Bucaramanga","og_description":"Los reconocimientos internacionales obtenidos por chefs colombianos contin\u00faan contribuyendo al posicionamiento del pa\u00eds en el mapa de la gastronom\u00eda de la regi\u00f3n. De acuerdo con Carolina Parra, presidente de\u00a0Gato Dumas, \u00abel panorama para el sector gastron\u00f3mico es positivo, lo que obedece no solo a un fuerte surgimiento de emprendimientos gastron\u00f3micos adaptados a la nueva realidad, ... Leer m\u00e1s","og_url":"https:\/\/gatodumas.com.co\/bucaramanga\/2021\/06\/10\/colombia-se-prepara-para-participar-en-la-final-del-bocuse-dor\/","og_site_name":"Gato Dumas Bucaramanga","article_published_time":"2021-06-10T18:48:07+00:00","author":"ybernal","twitter_card":"summary_large_image","twitter_misc":{"Escrito por":"ybernal","Tiempo de lectura":"2 minutos"},"schema":{"@context":"https:\/\/schema.org","@graph":[{"@type":"Article","@id":"https:\/\/gatodumas.com.co\/bucaramanga\/2021\/06\/10\/colombia-se-prepara-para-participar-en-la-final-del-bocuse-dor\/#article","isPartOf":{"@id":"https:\/\/gatodumas.com.co\/bucaramanga\/2021\/06\/10\/colombia-se-prepara-para-participar-en-la-final-del-bocuse-dor\/"},"author":{"name":"ybernal","@id":"https:\/\/gatodumas.com.co\/bucaramanga\/#\/schema\/person\/3d2bf6ab205a95182f76c4312fd95e80"},"headline":"Colombia se prepara para participar en la final del Bocuse D\u2019Or","datePublished":"2021-06-10T18:48:07+00:00","mainEntityOfPage":{"@id":"https:\/\/gatodumas.com.co\/bucaramanga\/2021\/06\/10\/colombia-se-prepara-para-participar-en-la-final-del-bocuse-dor\/"},"wordCount":413,"commentCount":0,"publisher":{"@id":"https:\/\/gatodumas.com.co\/bucaramanga\/#organization"},"image":{"@id":"https:\/\/gatodumas.com.co\/bucaramanga\/2021\/06\/10\/colombia-se-prepara-para-participar-en-la-final-del-bocuse-dor\/#primaryimage"},"thumbnailUrl":"","keywords":["BOCUSE D`OR","CHEFS","GASTRONOM\u00cdA","GATO DUMAS","JUAN MANUEL BARRIENTOS","JUANCAMILO QUIENTERO","M\u00d3NICA R\u00cdOS","SEMIPRESENCIAL","sostenibilidad"],"articleSection":["Noticias"],"inLanguage":"es"},{"@type":"WebPage","@id":"https:\/\/gatodumas.com.co\/bucaramanga\/2021\/06\/10\/colombia-se-prepara-para-participar-en-la-final-del-bocuse-dor\/","url":"https:\/\/gatodumas.com.co\/bucaramanga\/2021\/06\/10\/colombia-se-prepara-para-participar-en-la-final-del-bocuse-dor\/","name":"Colombia se prepara para participar en la final del Bocuse D\u2019Or - Gato Dumas Bucaramanga","isPartOf":{"@id":"https:\/\/gatodumas.com.co\/bucaramanga\/#website"},"primaryImageOfPage":{"@id":"https:\/\/gatodumas.com.co\/bucaramanga\/2021\/06\/10\/colombia-se-prepara-para-participar-en-la-final-del-bocuse-dor\/#primaryimage"},"image":{"@id":"https:\/\/gatodumas.com.co\/bucaramanga\/2021\/06\/10\/colombia-se-prepara-para-participar-en-la-final-del-bocuse-dor\/#primaryimage"},"thumbnailUrl":"","datePublished":"2021-06-10T18:48:07+00:00","breadcrumb":{"@id":"https:\/\/gatodumas.com.co\/bucaramanga\/2021\/06\/10\/colombia-se-prepara-para-participar-en-la-final-del-bocuse-dor\/#breadcrumb"},"inLanguage":"es","potentialAction":[{"@type":"ReadAction","target":["https:\/\/gatodumas.com.co\/bucaramanga\/2021\/06\/10\/colombia-se-prepara-para-participar-en-la-final-del-bocuse-dor\/"]}]},{"@type":"ImageObject","inLanguage":"es","@id":"https:\/\/gatodumas.com.co\/bucaramanga\/2021\/06\/10\/colombia-se-prepara-para-participar-en-la-final-del-bocuse-dor\/#primaryimage","url":"","contentUrl":""},{"@type":"BreadcrumbList","@id":"https:\/\/gatodumas.com.co\/bucaramanga\/2021\/06\/10\/colombia-se-prepara-para-participar-en-la-final-del-bocuse-dor\/#breadcrumb","itemListElement":[{"@type":"ListItem","position":1,"name":"Portada","item":"https:\/\/gatodumas.com.co\/bucaramanga\/"},{"@type":"ListItem","position":2,"name":"Colombia se prepara para participar en la final del Bocuse D\u2019Or"}]},{"@type":"WebSite","@id":"https:\/\/gatodumas.com.co\/bucaramanga\/#website","url":"https:\/\/gatodumas.com.co\/bucaramanga\/","name":"Gato Dumas Bucaramanga","description":"","publisher":{"@id":"https:\/\/gatodumas.com.co\/bucaramanga\/#organization"},"potentialAction":[{"@type":"SearchAction","target":{"@type":"EntryPoint","urlTemplate":"https:\/\/gatodumas.com.co\/bucaramanga\/?s={search_term_string}"},"query-input":{"@type":"PropertyValueSpecification","valueRequired":true,"valueName":"search_term_string"}}],"inLanguage":"es"},{"@type":"Organization","@id":"https:\/\/gatodumas.com.co\/bucaramanga\/#organization","name":"Gato Dumas Bucaramanga","url":"https:\/\/gatodumas.com.co\/bucaramanga\/","logo":{"@type":"ImageObject","inLanguage":"es","@id":"https:\/\/gatodumas.com.co\/bucaramanga\/#\/schema\/logo\/image\/","url":"https:\/\/gatodumas.com.co\/bucaramanga\/wp-content\/uploads\/sites\/4\/2024\/04\/cropped-dumas-negro-01-1.png","contentUrl":"https:\/\/gatodumas.com.co\/bucaramanga\/wp-content\/uploads\/sites\/4\/2024\/04\/cropped-dumas-negro-01-1.png","width":2496,"height":844,"caption":"Gato Dumas Bucaramanga"},"image":{"@id":"https:\/\/gatodumas.com.co\/bucaramanga\/#\/schema\/logo\/image\/"}},{"@type":"Person","@id":"https:\/\/gatodumas.com.co\/bucaramanga\/#\/schema\/person\/3d2bf6ab205a95182f76c4312fd95e80","name":"ybernal","image":{"@type":"ImageObject","inLanguage":"es","@id":"https:\/\/gatodumas.com.co\/bucaramanga\/#\/schema\/person\/image\/","url":"https:\/\/secure.gravatar.com\/avatar\/848281079db2890f17d60d1cc1ecca666d865f71b2ce2fa9256a4b65f2dd24b5?s=96&d=mm&r=g","contentUrl":"https:\/\/secure.gravatar.com\/avatar\/848281079db2890f17d60d1cc1ecca666d865f71b2ce2fa9256a4b65f2dd24b5?s=96&d=mm&r=g","caption":"ybernal"},"url":"https:\/\/gatodumas.com.co\/bucaramanga\/author\/ybernal\/"}]}},"_links":{"self":[{"href":"https:\/\/gatodumas.com.co\/bucaramanga\/wp-json\/wp\/v2\/posts\/13706","targetHints":{"allow":["GET"]}}],"collection":[{"href":"https:\/\/gatodumas.com.co\/bucaramanga\/wp-json\/wp\/v2\/posts"}],"about":[{"href":"https:\/\/gatodumas.com.co\/bucaramanga\/wp-json\/wp\/v2\/types\/post"}],"author":[{"embeddable":true,"href":"https:\/\/gatodumas.com.co\/bucaramanga\/wp-json\/wp\/v2\/users\/2"}],"replies":[{"embeddable":true,"href":"https:\/\/gatodumas.com.co\/bucaramanga\/wp-json\/wp\/v2\/comments?post=13706"}],"version-history":[{"count":0,"href":"https:\/\/gatodumas.com.co\/bucaramanga\/wp-json\/wp\/v2\/posts\/13706\/revisions"}],"wp:featuredmedia":[{"embeddable":true,"href":"https:\/\/gatodumas.com.co\/bucaramanga\/wp-json\/"}],"wp:attachment":[{"href":"https:\/\/gatodumas.com.co\/bucaramanga\/wp-json\/wp\/v2\/media?parent=13706"}],"wp:term":[{"taxonomy":"category","embeddable":true,"href":"https:\/\/gatodumas.com.co\/bucaramanga\/wp-json\/wp\/v2\/categories?post=13706"},{"taxonomy":"post_tag","embeddable":true,"href":"https:\/\/gatodumas.com.co\/bucaramanga\/wp-json\/wp\/v2\/tags?post=13706"}],"curies":[{"name":"wp","href":"https:\/\/api.w.org\/{rel}","templated":true}]}}